{"id":12360,"date":"2015-04-08T06:13:56","date_gmt":"2015-04-08T05:13:56","guid":{"rendered":"http:\/\/hajdusamson.hu\/?p=12360"},"modified":"2015-04-08T06:20:36","modified_gmt":"2015-04-08T05:20:36","slug":"teszedd-hulladekgyujtesi-akcio","status":"publish","type":"post","link":"https:\/\/hajdusamson.hu\/?p=12360","title":{"rendered":"TeSzedd hullad\u00e9kgy\u0171jt\u00e9si akci\u00f3!"},"content":{"rendered":"<h2><em><strong><img loading=\"lazy\" decoding=\"async\" class=\"  wp-image-12362 alignleft\" style=\"margin-right: 20px; padding-bottom: 20px;\" src=\"https:\/\/hajdusamson.hu\/wp-content\/uploads\/2015\/04\/TeSzedd_2015_logo_300-t.png\" alt=\"TeSzedd_2015_logo_300-t\" width=\"211\" height=\"144\" \/>TeSzedd<\/strong><\/em>\u00a0hullad\u00e9kgy\u0171jt\u00e9si akci\u00f3!<\/h2>\n<p>V\u00e1rosunk ism\u00e9t csatlakozik az\u00a0orsz\u00e1gos szint\u0171 TeSzedd hullad\u00e9kgy\u0171jt\u00e9si\u00a0akci\u00f3hoz, mely <em><strong>m\u00e1jus 15-17.<\/strong><\/em> k\u00f6z\u00f6tt ker\u00fcl\u00a0megrendez\u00e9sre.<\/p>\n<p style=\"text-align: left;\">V\u00e1rjuk az int\u00e9zm\u00e9nyek, civil szerveztek \u00e9s \u00f6nk\u00e9ntesek jelentkez\u00e9s\u00e9t!<\/p>\n<p style=\"text-align: center;\"><em><strong>Tegy\u00fck egy\u00fctt tiszt\u00e1bb\u00e1 v\u00e1rosunkat!<\/strong><\/em><\/p>\n","protected":false},"excerpt":{"rendered":"<p>TeSzedd\u00a0hullad\u00e9kgy\u0171jt\u00e9si akci\u00f3! V\u00e1rosunk ism\u00e9t csatlakozik az\u00a0orsz\u00e1gos szint\u0171 TeSzedd hullad\u00e9kgy\u0171jt\u00e9si\u00a0akci\u00f3hoz, mely m\u00e1jus 15-17. k\u00f6z\u00f6tt ker\u00fcl\u00a0megrendez\u00e9sre. V\u00e1rjuk [&hellip;]<\/p>\n","protected":false},"author":1,"featured_media":12361,"comment_status":"open","ping_status":"open","sticky":false,"template":"","format":"standard","meta":{"footnotes":""},"categories":[1,39,2,3],"tags":[],"class_list":["post-12360","post","type-post","status-publish","format-standard","has-post-thumbnail","hentry","category-egyeb","category-hirek","category-onkormanyzat","category-programok"],"_links":{"self":[{"href":"https:\/\/hajdusamson.hu\/index.php?rest_route=\/wp\/v2\/posts\/12360","targetHints":{"allow":["GET"]}}],"collection":[{"href":"https:\/\/hajdusamson.hu\/index.php?rest_route=\/wp\/v2\/posts"}],"about":[{"href":"https:\/\/hajdusamson.hu\/index.php?rest_route=\/wp\/v2\/types\/post"}],"author":[{"embeddable":true,"href":"https:\/\/hajdusamson.hu\/index.php?rest_route=\/wp\/v2\/users\/1"}],"replies":[{"embeddable":true,"href":"https:\/\/hajdusamson.hu\/index.php?rest_route=%2Fwp%2Fv2%2Fcomments&post=12360"}],"version-history":[{"count":5,"href":"https:\/\/hajdusamson.hu\/index.php?rest_route=\/wp\/v2\/posts\/12360\/revisions"}],"predecessor-version":[{"id":12368,"href":"https:\/\/hajdusamson.hu\/index.php?rest_route=\/wp\/v2\/posts\/12360\/revisions\/12368"}],"wp:featuredmedia":[{"embeddable":true,"href":"https:\/\/hajdusamson.hu\/index.php?rest_route=\/wp\/v2\/media\/12361"}],"wp:attachment":[{"href":"https:\/\/hajdusamson.hu\/index.php?rest_route=%2Fwp%2Fv2%2Fmedia&parent=12360"}],"wp:term":[{"taxonomy":"category","embeddable":true,"href":"https:\/\/hajdusamson.hu\/index.php?rest_route=%2Fwp%2Fv2%2Fcategories&post=12360"},{"taxonomy":"post_tag","embeddable":true,"href":"https:\/\/hajdusamson.hu\/index.php?rest_route=%2Fwp%2Fv2%2Ftags&post=12360"}],"curies":[{"name":"wp","href":"https:\/\/api.w.org\/{rel}","templated":true}]}}