{"id":19821,"date":"2019-11-06T16:25:31","date_gmt":"2019-11-06T15:25:31","guid":{"rendered":"http:\/\/hajdusamson.hu\/?p=19821"},"modified":"2020-01-29T10:50:47","modified_gmt":"2020-01-29T09:50:47","slug":"tajekozatas-illegalis-hulladek-elhelyezes","status":"publish","type":"post","link":"https:\/\/hajdusamson.hu\/?p=19821","title":{"rendered":"T\u00c1J\u00c9KOZAT\u00c1S &#8211; Illeg\u00e1lis hullad\u00e9k elhelyez\u00e9s"},"content":{"rendered":"<div class=\"fusion-fullwidth fullwidth-box\" style=\"background-color:#ffffff;background-attachment:scroll;background-position:left top;background-repeat:no-repeat;-webkit-background-size:cover;-moz-background-size:cover;-o-background-size:cover;background-size:cover;border-color:#eae9e9;border-bottom-width: 0px;border-top-width: 0px;border-bottom-style: solid;border-top-style: solid;padding-bottom:20px;padding-left:20px;padding-right:20px;padding-top:20px;\"><div class=\"avada-row\">\n<p><strong>Tisztelt Lakoss\u00e1g!<\/strong><\/p>\n<p style=\"text-align: justify;\">Hajd\u00fas\u00e1mson V\u00e1ros \u00d6nkorm\u00e1nyzat\u00e1hoz egyre t\u00f6bb bejelent\u00e9s \u00e9rkezik a k\u00f6zter\u00fcleten t\u00f6rt\u00e9n\u0151 illeg\u00e1lis hullad\u00e9k elhelyez\u00e9s\u00e9vel kapcsolatosan. Sajnos vannak lakosok, akik nincsenek tekintettel a k\u00f6rnyezet tisztas\u00e1g\u00e1ra \u00e9s a hullad\u00e9k elhelyez\u00e9s\u00e9re, a vonatkoz\u00f3 t\u00f6rv\u00e9nyt is figyelmen k\u00edv\u00fcl hagyva szab\u00e1lytalanul k\u00f6zter\u00fcleten hullad\u00e9kot helyeznek el.<\/p>\n<p style=\"text-align: justify;\">Az illeg\u00e1lis m\u00f3don lerakott hullad\u00e9k szennyezi a k\u00f6rnyezetet \u00e9s s\u00falyos k\u00f6zeg\u00e9szs\u00e9g\u00fcgyi vesz\u00e9lyeket is rejt mag\u00e1ban. P\u00e9ld\u00e1ul rovarok \u00e9s r\u00e1gcs\u00e1l\u00f3k elszaporod\u00e1s\u00e1hoz vezet, amelyek szerepe az egyes fert\u0151z\u0151 betegs\u00e9gek terjeszt\u00e9s\u00e9ben k\u00f6zismert. A hullad\u00e9kokban l\u00e9v\u0151 bakt\u00e9riumok, boml\u00e1sterm\u00e9kek a helytelen hullad\u00e9k elhelyez\u00e9s eset\u00e9n a csapad\u00e9kv\u00edzzel besziv\u00e1rogva a talajv\u00edzbe juthatnak, szennyezve azt. A hullad\u00e9kr\u00f3l sz\u00f3l\u00f3 <strong>2012. \u00e9vi CLXXXV. t\u00f6rv\u00e9ny \u00e9rtelm\u00e9ben tilos a hullad\u00e9kot elhagyni, \u2013 a gy\u0171jt\u00e9s, begy\u0171jt\u00e9s, t\u00e1rol\u00e1s, lerak\u00e1s szab\u00e1lyait\u00f3l elt\u00e9r\u0151 m\u00f3don \u2013 felhalmozni, ellen\u0151rizetlen k\u00f6r\u00fclm\u00e9nyek k\u00f6z\u00f6tt elhelyezni, kezelni.<\/strong><\/p>\n<p style=\"text-align: justify;\">A Debreceni J\u00e1r\u00e1si Hivatal, mint \u00e1ltal\u00e1nos szab\u00e1lys\u00e9rt\u00e9si hat\u00f3s\u00e1g rendelkezik hat\u00e1sk\u00f6rrel a telep\u00fcl\u00e9si hullad\u00e9k k\u00f6zter\u00fcleten enged\u00e9ly n\u00e9lk\u00fcl t\u00f6rt\u00e9n\u0151 lerak\u00e1sa, elhelyez\u00e9se eset\u00e9n. Amennyiben b\u00e1rki illeg\u00e1lisan elhelyezett hullad\u00e9kot \u00e9szlel, \u00fagy az erre vonatkoz\u00f3 bejelent\u00e9seket a hat\u00e1sk\u00f6rrel \u00e9s illet\u00e9kess\u00e9ggel rendelkez\u0151 <strong>Hajd\u00fa-Bihar Megyei Korm\u00e1nyhivatal Debreceni J\u00e1r\u00e1si Hivatal Hat\u00f3s\u00e1gi F\u0151oszt\u00e1ly\u00e1n\u00e1l (4024 Debrecen, Piac u. 42-48. sz.) <\/strong>teheti meg. Amennyiben fot\u00f3t is k\u00e9sz\u00edtenek a helysz\u00ednen, \u00fagy azt is k\u00e9rj\u00fck a bejelent\u00e9shez mell\u00e9kelni.<\/p>\n<p style=\"text-align: justify;\">A \u00a0szab\u00e1lys\u00e9rt\u00e9sekr\u0151l, a szab\u00e1lys\u00e9rt\u00e9si elj\u00e1r\u00e1sr\u00f3l \u00e9s a szab\u00e1lys\u00e9rt\u00e9si nyilv\u00e1ntart\u00e1si rendszerr\u0151l sz\u00f3l\u00f3\u00a0<strong>2012. \u00e9vi II. t\u00f6rv\u00e9ny (Szabstv.) 187. \u00a7<\/strong>\u00a0(1) bekezd\u00e9s b) pontja szerint term\u00e9szeti ter\u00fcleten \u2013 bele\u00e9rtve a v\u00e9dett term\u00e9szeti, Natura 2000 ter\u00fcletet is \u2013 aki a term\u00e9szetv\u00e9delmi c\u00e9lokkal \u00f6ssze nem egyeztethet\u0151 tev\u00e9kenys\u00e9get folytat, szemetel, a ter\u00fcletet m\u00e1s m\u00f3don szennyezi,\u00a0<em>term\u00e9szetv\u00e9delmi\u00a0<\/em><strong>szab\u00e1lys\u00e9rt\u00e9st\u00a0k\u00f6vet el.<\/strong>\u00a0A Szabstv. 196. \u00a7 (2) bekezd\u00e9se \u00e9rtelm\u00e9ben, aki telep\u00fcl\u00e9si hullad\u00e9kot a k\u00f6zter\u00fcleten enged\u00e9ly n\u00e9lk\u00fcl lerak, elhelyez, vagy nem a kijel\u00f6lt lerak\u00f3helyen rak le vagy helyez el,\u00a0<em><strong> szab\u00e1lys\u00e9rt\u00e9st<\/strong><\/em><strong>\u00a0k\u00f6vet el. <\/strong>E szab\u00e1lys\u00e9rt\u00e9sek jogk\u00f6vetkezm\u00e9nye lehet a szab\u00e1lys\u00e9rt\u00e9si hat\u00f3s\u00e1g \u00e1ltal kiszabott\u00a0<em><strong>150.000 Ft-ig terjed\u0151 szab\u00e1lys\u00e9rt\u00e9si b\u00edrs\u00e1g.<\/strong><\/em><\/p>\n<p style=\"text-align: right;\"><strong>V\u00e1rosfejleszt\u00e9si \u00e9s M\u0171szaki Oszt\u00e1ly<\/strong><\/p>\n<\/div><\/div>\n","protected":false},"excerpt":{"rendered":"","protected":false},"author":1,"featured_media":17942,"comment_status":"open","ping_status":"open","sticky":false,"template":"","format":"standard","meta":{"footnotes":""},"categories":[52,39,49,68],"tags":[],"class_list":["post-19821","post","type-post","status-publish","format-standard","has-post-thumbnail","hentry","category-hirdetmenyek","category-hirek","category-kozerdeku","category-lakossagi-tajekoztato"],"_links":{"self":[{"href":"https:\/\/hajdusamson.hu\/index.php?rest_route=\/wp\/v2\/posts\/19821","targetHints":{"allow":["GET"]}}],"collection":[{"href":"https:\/\/hajdusamson.hu\/index.php?rest_route=\/wp\/v2\/posts"}],"about":[{"href":"https:\/\/hajdusamson.hu\/index.php?rest_route=\/wp\/v2\/types\/post"}],"author":[{"embeddable":true,"href":"https:\/\/hajdusamson.hu\/index.php?rest_route=\/wp\/v2\/users\/1"}],"replies":[{"embeddable":true,"href":"https:\/\/hajdusamson.hu\/index.php?rest_route=%2Fwp%2Fv2%2Fcomments&post=19821"}],"version-history":[{"count":1,"href":"https:\/\/hajdusamson.hu\/index.php?rest_route=\/wp\/v2\/posts\/19821\/revisions"}],"predecessor-version":[{"id":19822,"href":"https:\/\/hajdusamson.hu\/index.php?rest_route=\/wp\/v2\/posts\/19821\/revisions\/19822"}],"wp:featuredmedia":[{"embeddable":true,"href":"https:\/\/hajdusamson.hu\/index.php?rest_route=\/wp\/v2\/media\/17942"}],"wp:attachment":[{"href":"https:\/\/hajdusamson.hu\/index.php?rest_route=%2Fwp%2Fv2%2Fmedia&parent=19821"}],"wp:term":[{"taxonomy":"category","embeddable":true,"href":"https:\/\/hajdusamson.hu\/index.php?rest_route=%2Fwp%2Fv2%2Fcategories&post=19821"},{"taxonomy":"post_tag","embeddable":true,"href":"https:\/\/hajdusamson.hu\/index.php?rest_route=%2Fwp%2Fv2%2Ftags&post=19821"}],"curies":[{"name":"wp","href":"https:\/\/api.w.org\/{rel}","templated":true}]}}