{"id":19830,"date":"2019-11-11T08:52:53","date_gmt":"2019-11-11T07:52:53","guid":{"rendered":"http:\/\/hajdusamson.hu\/?p=19830"},"modified":"2019-11-11T11:07:38","modified_gmt":"2019-11-11T10:07:38","slug":"gyaszjelentes-dr-seres-geza-foorvos-ur-geza-bacsi","status":"publish","type":"post","link":"https:\/\/hajdusamson.hu\/?p=19830","title":{"rendered":"GY\u00c1SZJELENT\u00c9S &#8211; Dr. Seres G\u00e9za f\u0151orvos \u00far, \u201eG\u00e9za b\u00e1csi\u201d"},"content":{"rendered":"<a href=\"https:\/\/hajdusamson.hu\/wp-content\/uploads\/2019\/11\/gy.jpg\"><img loading=\"lazy\" decoding=\"async\" class=\"aligncenter wp-image-19831\" src=\"https:\/\/hajdusamson.hu\/wp-content\/uploads\/2019\/11\/gy.jpg\" alt=\"\" width=\"781\" height=\"547\" srcset=\"https:\/\/hajdusamson.hu\/wp-content\/uploads\/2019\/11\/gy.jpg 1000w, https:\/\/hajdusamson.hu\/wp-content\/uploads\/2019\/11\/gy-300x210.jpg 300w, https:\/\/hajdusamson.hu\/wp-content\/uploads\/2019\/11\/gy-768x538.jpg 768w\" sizes=\"auto, (max-width: 781px) 100vw, 781px\" \/><\/a><\/p>\n<div class=\"fusion-fullwidth fullwidth-box\" style=\"background-color:#ffffff;background-attachment:scroll;background-position:left top;background-repeat:no-repeat;-webkit-background-size:cover;-moz-background-size:cover;-o-background-size:cover;background-size:cover;border-color:#eae9e9;border-bottom-width: 0px;border-top-width: 0px;border-bottom-style: solid;border-top-style: solid;padding-bottom:20px;padding-left:20px;padding-right:20px;padding-top:20px;\"><div class=\"avada-row\">\n<p style=\"text-align: center;\">Hajd\u00fas\u00e1mson V\u00e1ros \u00d6nkorm\u00e1nyzata saj\u00e1t halottj\u00e1nak tekinti \u201eG\u00e9za b\u00e1csit\u201d, d\u00edszpolg\u00e1runkat.<\/p>\n<p style=\"text-align: center;\"><strong> <em>\u201e<\/em><em>H\u00e1l\u00e1s sz\u00edvvel b\u00facs\u00fazunk G\u00e9za b\u00e1csit\u00f3l. Kedves Csal\u00e1dj\u00e1nak vigasztal\u00f3d\u00e1st k\u00edv\u00e1nunk, \u00e9s \u0151szinte r\u00e9szv\u00e9t\u00fcnket fejezz\u00fck ki!\u201d<\/em><\/strong><\/p>\n<p>&#8212;<\/p>\n<p style=\"text-align: justify;\"><strong>Dr. Seres G\u00e9za f\u0151orvos \u00far, \u201eG\u00e9za b\u00e1csi\u201d<\/strong> a gyermekeink l\u00e1t\u00e1s\u00e1nak megment\u0151je, v\u00e9delmez\u0151je, gy\u00f3gy\u00edt\u00f3ja volt.<\/p>\n<p style=\"text-align: justify;\">A szem\u00e9szeti program 1978-ban kezd\u0151d\u00f6tt az \u00e1ltal\u00e1nos iskol\u00e1ban, 1981-t\u0151l a helyi \u00f3voda is bekapcsol\u00f3dott, 1989-ben pedig nyolc k\u00f6zs\u00e9g \u00f6sszefog\u00e1s\u00e1val l\u00e9trej\u00f6tt a Gyermekszemgondoz\u00e1si Alap\u00edtv\u00e1ny, melynek Hajd\u00fas\u00e1mson lett a k\u00f6zpontja. Az alap\u00edtv\u00e1ny l\u00e9trehoz\u00e1s\u00e1ban kiemelked\u0151 \u00e9s \u00f6nzetlen munk\u00e1t v\u00e9gzett f\u0151orvos \u00far \u201eG\u00e9za b\u00e1csi\u201d. Neki k\u00f6sz\u00f6nhet\u0151 a mai akt\u00edv szakmai munka, a gyermekek l\u00e1t\u00e1sv\u00e9delme. Dr. Seres G\u00e9za szem\u00e9sz f\u0151orvos \u00far, \u201eG\u00e9za b\u00e1csi\u201d kiemelked\u0151 emberi \u00e9s szakmai \u00e9rdemeket szerzett Hajd\u00fas\u00e1msonnak. A telep\u00fcl\u00e9ssel szembeni tisztelete, szeretete, gyermekszeretete, ma is p\u00e9ldak\u00e9nt \u00e1ll\u00edthat\u00f3 minden ember el\u00e9.<\/p>\n<p style=\"text-align: justify;\">2004. \u00e9vben Hajd\u00fas\u00e1mson K\u00e9pvisel\u0151-test\u00fclete \u201eD\u00edszpolg\u00e1ri c\u00edmmel\u201d ismerte el \u00e9s fejezte ki k\u00f6sz\u00f6net\u00e9t Dr. Seres G\u00e9za f\u0151orvos \u00farnak a kiemelked\u0151 munk\u00e1j\u00e1t, p\u00e9ldamutat\u00f3 emberi magatart\u00e1s\u00e1t, a telep\u00fcl\u00e9s j\u00f3 h\u00edrnev\u00e9nek \u00f6regb\u00edt\u00e9s\u00e9\u00e9rt v\u00e9gzett tev\u00e9kenys\u00e9g\u00e9t.<\/p>\n<p style=\"text-align: justify;\">H\u00e1l\u00e1s sz\u00edvvel b\u00facs\u00fazunk G\u00e9za b\u00e1csit\u00f3l. Kedves Csal\u00e1dj\u00e1nak vigasztal\u00f3d\u00e1st k\u00edv\u00e1nunk, \u00e9s \u0151szinte r\u00e9szv\u00e9t\u00fcnket fejezz\u00fck ki!<\/p>\n<\/div><\/div>\n","protected":false},"excerpt":{"rendered":"","protected":false},"author":1,"featured_media":19832,"comment_status":"open","ping_status":"open","sticky":false,"template":"","format":"standard","meta":{"footnotes":""},"categories":[39,49],"tags":[],"class_list":["post-19830","post","type-post","status-publish","format-standard","has-post-thumbnail","hentry","category-hirek","category-kozerdeku"],"_links":{"self":[{"href":"https:\/\/hajdusamson.hu\/index.php?rest_route=\/wp\/v2\/posts\/19830","targetHints":{"allow":["GET"]}}],"collection":[{"href":"https:\/\/hajdusamson.hu\/index.php?rest_route=\/wp\/v2\/posts"}],"about":[{"href":"https:\/\/hajdusamson.hu\/index.php?rest_route=\/wp\/v2\/types\/post"}],"author":[{"embeddable":true,"href":"https:\/\/hajdusamson.hu\/index.php?rest_route=\/wp\/v2\/users\/1"}],"replies":[{"embeddable":true,"href":"https:\/\/hajdusamson.hu\/index.php?rest_route=%2Fwp%2Fv2%2Fcomments&post=19830"}],"version-history":[{"count":3,"href":"https:\/\/hajdusamson.hu\/index.php?rest_route=\/wp\/v2\/posts\/19830\/revisions"}],"predecessor-version":[{"id":19835,"href":"https:\/\/hajdusamson.hu\/index.php?rest_route=\/wp\/v2\/posts\/19830\/revisions\/19835"}],"wp:featuredmedia":[{"embeddable":true,"href":"https:\/\/hajdusamson.hu\/index.php?rest_route=\/wp\/v2\/media\/19832"}],"wp:attachment":[{"href":"https:\/\/hajdusamson.hu\/index.php?rest_route=%2Fwp%2Fv2%2Fmedia&parent=19830"}],"wp:term":[{"taxonomy":"category","embeddable":true,"href":"https:\/\/hajdusamson.hu\/index.php?rest_route=%2Fwp%2Fv2%2Fcategories&post=19830"},{"taxonomy":"post_tag","embeddable":true,"href":"https:\/\/hajdusamson.hu\/index.php?rest_route=%2Fwp%2Fv2%2Ftags&post=19830"}],"curies":[{"name":"wp","href":"https:\/\/api.w.org\/{rel}","templated":true}]}}