{"id":19857,"date":"2019-11-17T18:48:24","date_gmt":"2019-11-17T17:48:24","guid":{"rendered":"http:\/\/hajdusamson.hu\/?p=19857"},"modified":"2019-11-17T18:48:24","modified_gmt":"2019-11-17T17:48:24","slug":"15-eve-onkentesen","status":"publish","type":"post","link":"https:\/\/hajdusamson.hu\/?p=19857","title":{"rendered":"15 \u00e9ve \u00f6nk\u00e9ntesen"},"content":{"rendered":"<div class=\"fusion-fullwidth fullwidth-box\" style=\"background-color:#ffffff;background-attachment:scroll;background-position:left top;background-repeat:no-repeat;-webkit-background-size:cover;-moz-background-size:cover;-o-background-size:cover;background-size:cover;border-color:#eae9e9;border-bottom-width: 0px;border-top-width: 0px;border-bottom-style: solid;border-top-style: solid;padding-bottom:20px;padding-left:20px;padding-right:20px;padding-top:20px;\"><div class=\"avada-row\">\n<h2><\/h2>\n<p style=\"text-align: justify;\">2004. november 3-\u00e1n egy 136 \u00e9ve v\u00e1gott centi v\u00e9gs\u0151 darabj\u00e1t v\u00e1gt\u00e1k le az akkor \u2013 \u00e9s mindezid\u00e1ig utols\u00f3k\u00e9nt \u2013 leszerel\u0151 sorkaton\u00e1k haz\u00e1nkban. Az 1868-ban bevezetett \u00e1ltal\u00e1nos hadk\u00f6telezetts\u00e9get felv\u00e1ltotta az \u00f6nk\u00e9ntes alapon t\u00f6rt\u00e9n\u0151 szolg\u00e1latv\u00e1llal\u00e1s, a sor\u00e1llom\u00e1nyt a szerz\u0151d\u00e9ses katon\u00e1k, a t\u00f6meghadsereget a professzion\u00e1lis hader\u0151. A mai magyar hader\u0151ben szolg\u00e1l\u00f3k kiz\u00e1r\u00f3lag toborz\u00e1s \u00fatj\u00e1n ker\u00fclnek be a seregbe, ami\u00e9rt a megyei toborz\u00f3irod\u00e1k felel\u0151sek orsz\u00e1gszerte. Debrecenben a P\u00e9terfia utc\u00e1n l\u00e9v\u0151 toborz\u00f3 irod\u00e1ban \u00e9vente k\u00f6zel 2000 f\u0151 fordul meg, ami azt jelzi, van \u00e9rdekl\u0151d\u00e9s a katonai szolg\u00e1lat ir\u00e1nt. Err\u0151l besz\u00e9lgett\u00fcnk Nagy Zolt\u00e1n alezredessel, az MH Katonai Igazgat\u00e1si \u00e9s K\u00f6zponti Nyilv\u00e1ntart\u00f3 Parancsnoks\u00e1g 2. Katonai Igazgat\u00e1si K\u00f6zpont parancsnok\u00e1val.<\/p>\n<p style=\"text-align: justify;\"><strong><a href=\"https:\/\/hajdusamson.hu\/wp-content\/uploads\/2019\/11\/1.-k\u00e9p.jpg\"><img loading=\"lazy\" decoding=\"async\" class=\"wp-image-19858 alignleft\" src=\"https:\/\/hajdusamson.hu\/wp-content\/uploads\/2019\/11\/1.-k\u00e9p-1024x683.jpg\" alt=\"\" width=\"381\" height=\"254\" srcset=\"https:\/\/hajdusamson.hu\/wp-content\/uploads\/2019\/11\/1.-k\u00e9p-1024x683.jpg 1024w, https:\/\/hajdusamson.hu\/wp-content\/uploads\/2019\/11\/1.-k\u00e9p-300x200.jpg 300w, https:\/\/hajdusamson.hu\/wp-content\/uploads\/2019\/11\/1.-k\u00e9p-768x512.jpg 768w\" sizes=\"auto, (max-width: 381px) 100vw, 381px\" \/><\/a>&#8211; Alezredes \u00far, \u00f6n szolg\u00e1lt a k\u00f6telez\u0151 sorkatonai szolg\u00e1lat idej\u00e9n is, illetve testk\u00f6zelb\u0151l \u00e9lte \u00e1t a 15 \u00e9vvel ezel\u0151tti id\u0151szakot egyar\u00e1nt. Mekkora v\u00e1ltoz\u00e1st jelentett a honv\u00e9ds\u00e9gnek az \u00f6nk\u00e9ntess\u00e9gre val\u00f3 \u00e1t\u00e1ll\u00e1s?<\/strong><\/p>\n<p style=\"text-align: justify;\">&#8211; Mivel ez az \u00e1talakul\u00e1s nem egyik pillanatr\u00f3l a m\u00e1sikra t\u00f6rt\u00e9nt meg, a folyamat \u2013 ha szabad \u00edgy fogalmaznom \u2013 z\u00f6kken\u0151mentesen zajlott le. Az 1950-es \u00e9vekben kb. 200.000 f\u0151s sorozott hadsereg m\u0171k\u00f6d\u00f6tt, az 1990-es \u00e9vek elej\u00e9n m\u00e1r csak mintegy 100.000 f\u0151t soroztak \u00e9vente, 2004-ben pedig ez m\u00e1r alig volt t\u00f6bb mint 12.000 f\u0151. A l\u00e9tsz\u00e1m cs\u00f6kken\u00e9s\u00e9vel fokozatosan cs\u00f6kkent a k\u00f6telez\u0151 szolg\u00e1lat id\u0151tartama is, ugyanakkor ezzel p\u00e1rhuzamosan a honv\u00e9ds\u00e9g technikai eszk\u00f6zei egyre modernebbek lettek, a szakszer\u0171 kezel\u00e9s\u00fckre val\u00f3 felk\u00e9sz\u00edt\u00e9s ak\u00e1r t\u00f6bb \u00e9vet is ig\u00e9nybe vehet. Az \u00e1t\u00e1ll\u00e1st szint\u00e9n megk\u00f6nny\u00edtette, hogy az 1990-es \u00e9vek v\u00e9g\u00e9t\u0151l megjelent a szerz\u0151d\u00e9ses katonai szolg\u00e1lat v\u00e1llal\u00e1s\u00e1nak lehet\u0151s\u00e9ge, \u00e9s 2004-ig p\u00e1rhuzamosan m\u0171k\u00f6d\u00f6tt a k\u00e9t rendszer. M\u00e1sf\u00e9l \u00e9vtizede pedig m\u00e1r csak \u00f6nk\u00e9ntes alapon m\u0171k\u00f6d\u0151, professzion\u00e1lis, h\u00f6lgyeket \u00e9s f\u00e9rfiakat egyar\u00e1nt soraiban tud\u00f3 hadseregr\u0151l besz\u00e9lhet\u00fcnk, a katon\u00e1k pedig folyamatosan bizony\u00edtj\u00e1k r\u00e1termetts\u00e9g\u00fcket mind a hazai, mind a nemzetk\u00f6zi feladatok, k\u00fclf\u00f6ldi misszi\u00f3k v\u00e9grehajt\u00e1sa sor\u00e1n.<\/p>\n<p style=\"text-align: justify;\"><strong>&#8211; Ahogy eml\u00edtette, nem egyik napr\u00f3l a m\u00e1sikra kellett p\u00f3tolni a \u201ekies\u0151\u201d sor\u00e1llom\u00e1nyt. Ennek ellen\u00e9re a toborz\u00f3 rendszer sz\u00e1m\u00e1ra bizony\u00e1ra nem kis kih\u00edv\u00e1st jelentett \u00e9s jelent napjainkban sem a megfelel\u0151 ut\u00e1np\u00f3tl\u00e1s folyamatos biztos\u00edt\u00e1sa.<\/strong><\/p>\n<p style=\"text-align: justify;\">&#8211; Az \u00f6nk\u00e9ntess\u00e9gre val\u00f3 \u00e1t\u00e1ll\u00e1s \u00f3ta a hader\u0151nek nemcsak a kik\u00e9pz\u00e9seken, hanem a munkaer\u0151piacon is helyt kell \u00e1llnia, munk\u00e1ltat\u00f3k\u00e9nt reag\u00e1lnia kell az egyre \u00e9rz\u00e9kenyebb t\u00e1rsadalmi ig\u00e9nyekre \u00e9s a munkaer\u0151piac v\u00e1ltoz\u00e1saira, amely komoly kih\u00edv\u00e1st t\u00e1maszt fel\u00e9nk. Ezen kih\u00edv\u00e1soknak megfelelve a toborz\u00f3 katon\u00e1k folyamatosan keresik az \u00faj eszk\u00f6z\u00f6ket, igyekeznek minden lehet\u0151s\u00e9get \u00e9s f\u00f3rumot kihaszn\u00e1lni arra, hogy a lakoss\u00e1got min\u00e9l sz\u00e9lesebb k\u00f6rben tudj\u00e1k inform\u00e1lni a Magyar Honv\u00e9ds\u00e9gben v\u00e1llalhat\u00f3 szolg\u00e1lati lehet\u0151s\u00e9gekr\u0151l. B\u00fcszk\u00e9n mondhatom, hogy a debreceni Toborz\u00f3 Iroda megnyit\u00e1sa \u00f3ta 22 katonai alakulathoz k\u00f6zel 2500 f\u0151 szerz\u0151d\u00e9ses katona bevonul\u00e1s\u00e1ra \u00e9s t\u00f6bb mint 1000 f\u0151 \u00f6nk\u00e9ntes tartal\u00e9kos katona szerz\u0151d\u00e9sk\u00f6t\u00e9s\u00e9re ker\u00fclt sor megy\u00e9nkb\u0151l, a honv\u00e9dtiszti, az altiszti, illetve a pil\u00f3tak\u00e9pz\u00e9si programra pedig \u00f6sszesen t\u00f6bb mint 1200 f\u0151 jelentkezett. Ha csak az elm\u00falt \u00e9veket n\u00e9zz\u00fck, akkor is azt l\u00e1tjuk, hogy \u00e9vr\u0151l-\u00e9vre n\u0151 a katonai szolg\u00e1latot v\u00e1llal\u00f3k l\u00e9tsz\u00e1ma, az idei \u00e9vben p\u00e9ld\u00e1ul m\u00e1r k\u00f6zel van a 400 f\u0151h\u00f6z azok sz\u00e1ma, akik valamelyik szolg\u00e1lati forma kapcs\u00e1n szerz\u0151d\u00e9st k\u00f6t\u00f6ttek a Magyar Honv\u00e9ds\u00e9ggel.<\/p>\n<p style=\"text-align: justify;\"><strong>&#8211; Kik jelentkezhetnek katon\u00e1nak, milyen felt\u00e9telekkel v\u00e1llalhat manaps\u00e1g valaki katonai szolg\u00e1latot?<\/strong><\/p>\n<p style=\"text-align: justify;\">&#8211; Katonai szolg\u00e1latra minden 18. \u00e9let\u00e9v\u00e9t bet\u00f6lt\u00f6tt, b\u00fcntetlen el\u0151\u00e9let\u0171, magyarorsz\u00e1gi lak\u00f3hellyel rendelkez\u0151 szem\u00e9ly jelentkezhet, aki legal\u00e1bb alapfok\u00fa v\u00e9gzetts\u00e9ggel \u00e9s kell\u0151 elhivatotts\u00e1ggal rendelkezik. A jelentkez\u0151knek pedig szolg\u00e1latform\u00e1t\u00f3l f\u00fcgg\u0151en alkalmass\u00e1gi vizsg\u00e1laton kell r\u00e9szt venni\u00fck.<\/p>\n<p style=\"text-align: justify;\"><strong>&#8211; Ezek szerint t\u00f6bbf\u00e9le szolg\u00e1latform\u00e1ra is lehet \u00d6n\u00f6kn\u00e9l jelentkezni?<\/strong><\/p>\n<p style=\"text-align: justify;\">&#8211; A Magyar Honv\u00e9ds\u00e9g jelen pillanatban hivat\u00e1sos, szerz\u0151d\u00e9ses \u00e9s tartal\u00e9kos katon\u00e1kb\u00f3l, valamint honv\u00e9delmi alkalmazottakb\u00f3l tev\u0151dik \u00f6ssze. A katonai szolg\u00e1latform\u00e1k k\u00f6z\u00fcl a hivat\u00e1sos \u00e9s a szerz\u0151d\u00e9ses katonai jogviszony jelenti n\u00e1lunk az \u00e1lland\u00f3, napi munkaviszonyt, amikor a katona a Magyar Honv\u00e9ds\u00e9g valamelyik alakulat\u00e1n\u00e1l, egy meghat\u00e1rozott munkak\u00f6rt l\u00e1t el havi fizet\u00e9s\u00e9rt. Sz\u00fcks\u00e9g eset\u00e9n gyakorlatokon vesznek r\u00e9szt, hat\u00e1rv\u00e9delmi feladatokat l\u00e1tnak el, illetve k\u00fclf\u00f6ldi misszi\u00f3ban szolg\u00e1lnak. A tartal\u00e9kos viszony ezzel szemben azoknak sz\u00f3l, akik tanulm\u00e1nyaik vagy megl\u00e9v\u0151 munkahely\u00fck mellett szeretn\u00e9nek r\u00e9szt v\u00e1llalni honv\u00e9delmi feladatokban. A 2017-ben bevezetett leg\u00fajabb szolg\u00e1lati \u00e1g, az \u00f6nk\u00e9ntes ter\u00fcletv\u00e9delmi tartal\u00e9kos szolg\u00e1lat p\u00e9ld\u00e1ul azoknak jelenthet nagyon j\u00f3 megold\u00e1st, akik b\u00e1r \u00e9rdekl\u0151dnek a honv\u00e9ds\u00e9g ir\u00e1nt, de m\u00e9g nem biztosak abban, hogy sz\u00e1mukra megfelel\u0151 ez a hivat\u00e1s, vagy esetleg vonakodnak huzamosabb ideig lak\u00f3hely\u00fckt\u0151l t\u00e1vol lenni. Feladatuk t\u00f6bbek k\u00f6z\u00f6tt vesz\u00e9ly- \u00e9s katasztr\u00f3fahelyzetben (pl. \u00e1rv\u00edzi v\u00e9dekez\u00e9s) t\u00f6rt\u00e9n\u0151 ig\u00e9nybev\u00e9tel, rendezv\u00e9nybiztos\u00edt\u00e1si, toborz\u00e1si, illetve k\u00fcl\u00f6nb\u00f6z\u0151 d\u00edszelg\u00e9si feladatok ell\u00e1t\u00e1sa. A ter\u00fcletv\u00e9delmi tartal\u00e9kosok felk\u00e9sz\u00edt\u00e9se \u00e9ves szinten h\u00fasz napot vesz ig\u00e9nybe, amely a katona elfoglalts\u00e1g\u00e1t\u00f3l f\u00fcgg\u0151en ak\u00e1r h\u00e9tv\u00e9g\u00e9re is eshet. Ez a felk\u00e9sz\u00edt\u00e9s, illetve a tartal\u00e9kosok alkalmaz\u00e1sa a lak\u00f3hely\u00e9hez legk\u00f6zelebb, lehet\u0151s\u00e9g szerint alapvet\u0151en helyben t\u00f6rt\u00e9nik a j\u00e1r\u00e1sban. A tartal\u00e9kos rendszer kapcs\u00e1n mindenk\u00e9ppen szeretn\u00e9m kiemelni, hogy a megy\u00e9b\u0151l eddig szolg\u00e1latot v\u00e1llal\u00f3knak k\u00f6r\u00fclbel\u00fcl a fele iskolai tanulm\u00e1nyokat folytat\u00f3 k\u00f6z\u00e9piskol\u00e1s vagy egyetemi hallgat\u00f3 volt a szerz\u0151d\u00e9sk\u00f6t\u00e9s\u00fck idej\u00e9n.<\/p>\n<p style=\"text-align: justify;\"><strong><a href=\"https:\/\/hajdusamson.hu\/wp-content\/uploads\/2019\/11\/2.-k\u00e9p.jpg\"><img loading=\"lazy\" decoding=\"async\" class=\" wp-image-19859 alignright\" src=\"https:\/\/hajdusamson.hu\/wp-content\/uploads\/2019\/11\/2.-k\u00e9p-1024x683.jpg\" alt=\"\" width=\"420\" height=\"280\" srcset=\"https:\/\/hajdusamson.hu\/wp-content\/uploads\/2019\/11\/2.-k\u00e9p-1024x683.jpg 1024w, https:\/\/hajdusamson.hu\/wp-content\/uploads\/2019\/11\/2.-k\u00e9p-300x200.jpg 300w, https:\/\/hajdusamson.hu\/wp-content\/uploads\/2019\/11\/2.-k\u00e9p-768x512.jpg 768w, https:\/\/hajdusamson.hu\/wp-content\/uploads\/2019\/11\/2.-k\u00e9p.jpg 1500w\" sizes=\"auto, (max-width: 420px) 100vw, 420px\" \/><\/a>&#8211; Az tal\u00e1n nyugodtan kijelenthet\u0151, hogy a katonai p\u00e1lya izgalmat \u00e9s kih\u00edv\u00e1st ny\u00fajt, ami m\u00e1r \u00f6nmag\u00e1ban is kell\u0151 vonzer\u0151t jelenthet a nem h\u00e9tk\u00f6znapi munk\u00e1t keres\u0151knek. De m\u00e1s\u00e9rt is meg\u00e9ri felvenni az egyenruh\u00e1t?<\/strong><\/p>\n<p style=\"text-align: justify;\">&#8211; A fentieken t\u00fal v\u00e9lem\u00e9nyem szerint az egyik legfontosabb t\u00e9nyez\u0151, hogy a Magyar Honv\u00e9ds\u00e9g az orsz\u00e1g egyik legnagyobb munk\u00e1ltat\u00f3ja, amely kisz\u00e1m\u00edthat\u00f3 j\u00f6v\u0151t \u00e9s biztos meg\u00e9lhet\u00e9st k\u00edn\u00e1l, ahol az egy\u00e9n tehets\u00e9g\u00e9t\u0151l, hozz\u00e1\u00e1ll\u00e1s\u00e1t\u00f3l \u00e9s kitart\u00e1s\u00e1t\u00f3l f\u00fcgg, hogyan alakul a p\u00e1lyafut\u00e1sa. A hivat\u00e1sos \u00e9s szerz\u0151d\u00e9ses katon\u00e1k havi juttat\u00e1sa az elm\u00falt \u00e9vekben folyamatosan n\u00f6vekedett, ma m\u00e1r egy \u00e9retts\u00e9givel rendelkez\u0151 leg\u00e9nys\u00e9gi katona kezd\u0151 alapilletm\u00e9nye meghaladja a brutt\u00f3 275.000 forintot. Magasabb iskolai v\u00e9gzetts\u00e9ggel, nyelvtud\u00e1ssal tov\u00e1bbi kieg\u00e9sz\u00edt\u00e9sekre sz\u00e1m\u00edthat a katona, az \u00e9vek el\u0151rehaladt\u00e1val pedig elismerj\u00fck a seregben elt\u00f6lt\u00f6tt \u00e9veket. Erre \u00e9p\u00fcl r\u00e1 az igen kedvez\u0151, kib\u0151v\u00edtett lakhat\u00e1si t\u00e1mogat\u00e1s, az ingyenes katona-eg\u00e9szs\u00e9g\u00fcgyi (csapatorvosi-, fogorvosi- \u00e9s szakorvosi) ell\u00e1t\u00e1s, a kedvezm\u00e9nyes \u00fcd\u00fcl\u00e9si lehet\u0151s\u00e9g, a sport- \u00e9s kultur\u00e1lis szolg\u00e1ltat\u00e1sok, a csal\u00e1dalap\u00edt\u00e1si t\u00e1mogat\u00e1s, a kedvezm\u00e9nyes \u00e9tkeztet\u00e9s \u00e9s az utaz\u00e1si k\u00f6lts\u00e9gt\u00e9r\u00edt\u00e9s. Emellett a \u2013 megfelel\u0151 kik\u00e9pz\u00e9seket k\u00f6vet\u0151en \u2013 a katon\u00e1k r\u00e9szt vehetnek a Magyar Honv\u00e9ds\u00e9g k\u00fclszolg\u00e1lati feladatainak v\u00e9grehajt\u00e1s\u00e1ban, melynek r\u00e9v\u00e9n extra j\u00f6vedelemre tehetnek szert. Kiemeln\u00e9m m\u00e9g, hogy kev\u00e9s olyan munkahely l\u00e9tezik, ahol a munkav\u00e1llal\u00f3k fizikai \u00e9s eg\u00e9szs\u00e9g\u00fcgyi helyzet\u00e9vel, \u00e9letmin\u0151s\u00e9g\u00e9vel olyan magas szinten foglalkozn\u00e1nak, mint a honv\u00e9ds\u00e9gn\u00e9l, hiszen a sereg rendszeres ingyenes eg\u00e9szs\u00e9g\u00fcgyi sz\u0171r\u00e9sekkel kiemelt figyelmet ford\u00edt a katon\u00e1k eg\u00e9szs\u00e9gi \u00e1llapot\u00e1ra. A tartal\u00e9kos katon\u00e1ink rendelkez\u00e9sre \u00e1ll\u00e1si d\u00edjban, illetve t\u00e9nyleges szolg\u00e1latuk ut\u00e1ni illetm\u00e9nyben r\u00e9szes\u00fclnek, valamint a tanulm\u00e1nyokat folytat\u00f3 tartal\u00e9kosok \u00f6szt\u00f6nd\u00edjra is p\u00e1ly\u00e1zhatnak.<\/p>\n<p style=\"text-align: justify;\"><strong>&#8211; M\u00e1r csak egy utols\u00f3, \u00e1m ann\u00e1l fontosabb k\u00e9rd\u00e9s maradt h\u00e1tra. Hol lehet jelentkezni katon\u00e1nak?<\/strong><\/p>\n<p style=\"text-align: justify;\">&#8211; A toborz\u00f3 irod\u00e1k folyamatosan v\u00e1rj\u00e1k a katonai p\u00e1lya ir\u00e1nt \u00e9rdekl\u0151d\u0151ket a megyesz\u00e9khelyeken l\u00e9v\u0151 \u00fcgyf\u00e9lszolg\u00e1latokon. Debrecenben szem\u00e9lyesen a P\u00e9terfia u. 58\/a sz\u00e1m alatt vagyunk megtal\u00e1lhat\u00f3k. Jelentkezni a Korm\u00e1nyablakokn\u00e1l kijel\u00f6lt \u00fcgyint\u00e9z\u0151kn\u00e9l vagy ak\u00e1r online, a <a href=\"http:\/\/www.iranyasereg.hu\"><em>www.iranyasereg.hu<\/em><\/a> \u00e9s a<em> www.hadkiegeszites.hu <\/em>internetes oldalakon is lehet. Az Ir\u00e1ny a sereg weboldal, a Magyar Honv\u00e9ds\u00e9g karrieroldala, ahol mindenki v\u00e1laszt kaphat a katonai szolg\u00e1lati form\u00e1kkal kapcsolatos k\u00e9rd\u00e9s\u00e9re.<\/p>\n<p style=\"text-align: right;\">Smidr\u00f3czki R\u00f3bert f\u0151hadnagy<\/p>\n<\/div><\/div>\n","protected":false},"excerpt":{"rendered":"","protected":false},"author":1,"featured_media":19862,"comment_status":"open","ping_status":"open","sticky":false,"template":"","format":"standard","meta":{"footnotes":""},"categories":[39],"tags":[],"class_list":["post-19857","post","type-post","status-publish","format-standard","has-post-thumbnail","hentry","category-hirek"],"_links":{"self":[{"href":"https:\/\/hajdusamson.hu\/index.php?rest_route=\/wp\/v2\/posts\/19857","targetHints":{"allow":["GET"]}}],"collection":[{"href":"https:\/\/hajdusamson.hu\/index.php?rest_route=\/wp\/v2\/posts"}],"about":[{"href":"https:\/\/hajdusamson.hu\/index.php?rest_route=\/wp\/v2\/types\/post"}],"author":[{"embeddable":true,"href":"https:\/\/hajdusamson.hu\/index.php?rest_route=\/wp\/v2\/users\/1"}],"replies":[{"embeddable":true,"href":"https:\/\/hajdusamson.hu\/index.php?rest_route=%2Fwp%2Fv2%2Fcomments&post=19857"}],"version-history":[{"count":2,"href":"https:\/\/hajdusamson.hu\/index.php?rest_route=\/wp\/v2\/posts\/19857\/revisions"}],"predecessor-version":[{"id":19861,"href":"https:\/\/hajdusamson.hu\/index.php?rest_route=\/wp\/v2\/posts\/19857\/revisions\/19861"}],"wp:featuredmedia":[{"embeddable":true,"href":"https:\/\/hajdusamson.hu\/index.php?rest_route=\/wp\/v2\/media\/19862"}],"wp:attachment":[{"href":"https:\/\/hajdusamson.hu\/index.php?rest_route=%2Fwp%2Fv2%2Fmedia&parent=19857"}],"wp:term":[{"taxonomy":"category","embeddable":true,"href":"https:\/\/hajdusamson.hu\/index.php?rest_route=%2Fwp%2Fv2%2Fcategories&post=19857"},{"taxonomy":"post_tag","embeddable":true,"href":"https:\/\/hajdusamson.hu\/index.php?rest_route=%2Fwp%2Fv2%2Ftags&post=19857"}],"curies":[{"name":"wp","href":"https:\/\/api.w.org\/{rel}","templated":true}]}}