{"id":20237,"date":"2020-03-15T19:08:35","date_gmt":"2020-03-15T18:08:35","guid":{"rendered":"http:\/\/hajdusamson.hu\/?p=20237"},"modified":"2020-04-28T08:48:43","modified_gmt":"2020-04-28T07:48:43","slug":"hajdusamson-varos-onkormanyzata-polgarmesterenek-utasitasa-1-2020-iii-15","status":"publish","type":"post","link":"https:\/\/hajdusamson.hu\/?p=20237","title":{"rendered":"Hajd\u00fas\u00e1mson V\u00e1ros \u00d6nkorm\u00e1nyzata Polg\u00e1rmester\u00e9nek utas\u00edt\u00e1sa &#8211;  1\/2020. (III. 15.)"},"content":{"rendered":"<div class=\"fusion-fullwidth fullwidth-box\" style=\"background-color:#ffffff;background-attachment:scroll;background-position:left top;background-repeat:no-repeat;-webkit-background-size:cover;-moz-background-size:cover;-o-background-size:cover;background-size:cover;border-color:#eae9e9;border-bottom-width: 0px;border-top-width: 0px;border-bottom-style: solid;border-top-style: solid;padding-bottom:20px;padding-left:20px;padding-right:20px;padding-top:20px;\"><div class=\"avada-row\">\n<p><a href=\"https:\/\/hajdusamson.hu\/wp-content\/uploads\/2020\/03\/polg\u00e1rmesteri-utas\u00edt\u00e1s.jpg\"><img loading=\"lazy\" decoding=\"async\" class=\"nodisp aligncenter wp-image-20281 size-full\" src=\"https:\/\/hajdusamson.hu\/wp-content\/uploads\/2020\/03\/polg\u00e1rmesteri-utas\u00edt\u00e1s.jpg\" alt=\"\" width=\"781\" height=\"380\" srcset=\"https:\/\/hajdusamson.hu\/wp-content\/uploads\/2020\/03\/polg\u00e1rmesteri-utas\u00edt\u00e1s.jpg 781w, https:\/\/hajdusamson.hu\/wp-content\/uploads\/2020\/03\/polg\u00e1rmesteri-utas\u00edt\u00e1s-300x146.jpg 300w, https:\/\/hajdusamson.hu\/wp-content\/uploads\/2020\/03\/polg\u00e1rmesteri-utas\u00edt\u00e1s-768x374.jpg 768w, https:\/\/hajdusamson.hu\/wp-content\/uploads\/2020\/03\/polg\u00e1rmesteri-utas\u00edt\u00e1s-320x156.jpg 320w, https:\/\/hajdusamson.hu\/wp-content\/uploads\/2020\/03\/polg\u00e1rmesteri-utas\u00edt\u00e1s-460x224.jpg 460w, https:\/\/hajdusamson.hu\/wp-content\/uploads\/2020\/03\/polg\u00e1rmesteri-utas\u00edt\u00e1s-700x340.jpg 700w\" sizes=\"auto, (max-width: 781px) 100vw, 781px\" \/><\/a><\/p>\n<p style=\"text-align: center;\"><strong>Hajd\u00fas\u00e1mson V\u00e1ros \u00d6nkorm\u00e1nyzata Polg\u00e1rmester\u00e9nek <\/strong><\/p>\n<p style=\"text-align: center;\"><strong>1\/2020. (III. 15.) utas\u00edt\u00e1sa<\/strong><\/p>\n<p style=\"text-align: center;\"><strong>a koronav\u00edrus fert\u0151z\u00e9s terjed\u00e9s\u00e9nek megel\u0151z\u00e9s\u00e9vel kapcsolatos helyi int\u00e9zked\u00e9sek meghat\u00e1roz\u00e1s\u00e1r\u00f3l<\/strong><\/p>\n<p><strong>\u00a0<\/strong><\/p>\n<p>Hajd\u00fas\u00e1mson, 2020. m\u00e1rcius 15.<\/p>\n<p>&nbsp;<\/p>\n<p style=\"text-align: justify;\"><strong>A jogalkot\u00e1sr\u00f3l sz\u00f3l\u00f3 2010. \u00e9vi CXXX. t\u00f6rv\u00e9ny 23. \u00a7 (4) bekezd\u00e9s j) pontja rendelkez\u00e9seire figyelemmel, az \u00e9let- \u00e9s vagyonbiztons\u00e1got vesz\u00e9lyeztet\u0151 t\u00f6meges megbeteged\u00e9st okoz\u00f3 hum\u00e1nj\u00e1rv\u00e1ny megel\u0151z\u00e9se, illetve k\u00f6vetkezm\u00e9nyeinek elh\u00e1r\u00edt\u00e1sa, a magyar \u00e1llampolg\u00e1rok eg\u00e9szs\u00e9g\u00e9nek \u00e9s \u00e9let\u00e9nek meg\u00f3v\u00e1sa \u00e9rdek\u00e9ben elrendelt vesz\u00e9lyhelyzet sor\u00e1n teend\u0151 int\u00e9zked\u00e9sekr\u0151l (II.) sz\u00f3l\u00f3 45\/2020. (III. 14.) Korm. rendelet 2. \u00a7-a felhatalmaz\u00e1sa alapj\u00e1n, Hajd\u00fas\u00e1mson V\u00e1ros \u00d6nkorm\u00e1nyzata K\u00e9pvisel\u0151-test\u00fclete \u00f6nkorm\u00e1nyzati k\u00e9pvisel\u0151ivel, tov\u00e1bb\u00e1 az \u00f6nkorm\u00e1nyzat szerveinek vezet\u0151ivel, a h\u00e1ziorvosokkal, h\u00e1zi gyermekorvosokkal, v\u00e9d\u0151n\u0151kkel egyeztetve, k\u00fcl\u00f6n\u00f6sen az Eszterl\u00e1nc \u00d3voda vezet\u0151j\u00e9nek, a Ny\u00edradonyi Szoci\u00e1lis- \u00e9s Gyermekj\u00f3l\u00e9ti Szolg\u00e1ltat\u00e1si K\u00f6zpont vezet\u0151j\u00e9nek, a Hajd\u00fas\u00e1msoni B\u00f6lcs\u0151de vezet\u0151j\u00e9nek \u00e9s az \u00f6nkorm\u00e1nyzat jegyz\u0151j\u00e9nek a v\u00e9lem\u00e9nye kik\u00e9r\u00e9s\u00e9vel \u00e9s j\u00f3v\u00e1hagy\u00e1s\u00e1val, figyelemmel a Koronav\u00edrus-j\u00e1rv\u00e1ny Elleni V\u00e9dekez\u00e9s\u00e9rt Felel\u0151s Operat\u00edv T\u00f6rzs aj\u00e1nl\u00e1saira, valamint a vesz\u00e9lyhelyzet kihirdet\u00e9s\u00e9r\u0151l sz\u00f3l\u00f3 40\/2020. (III. 11.) Korm. rendelet \u00e9s az ezen Korm. rendelethez kapcsol\u00f3d\u00f3 tov\u00e1bbi Korm. rendeletek el\u0151\u00edr\u00e1saira, az \u00faj koronav\u00edrus j\u00e1rv\u00e1ny terjed\u00e9s\u00e9nek megel\u0151z\u00e9se \u00e9s Hajd\u00fas\u00e1mson V\u00e1ros Lakoss\u00e1g\u00e1nak v\u00e9delme \u00e9rdek\u00e9ben a k\u00f6vetkez\u0151 \u2013 a koronav\u00edrus fert\u0151z\u00e9s terjed\u00e9s\u00e9nek megel\u0151z\u00e9s\u00e9vel kapcsolatos helyi int\u00e9zked\u00e9sek meghat\u00e1roz\u00e1s\u00e1r\u00f3l sz\u00f3l\u00f3 \u2013 utas\u00edt\u00e1st adom ki \u00e9s az al\u00e1bbi int\u00e9zked\u00e9seket hat\u00e1rozom meg:<\/strong><\/p>\n<p>&nbsp;<\/p>\n<p style=\"text-align: center;\"><strong>Az utas\u00edt\u00e1s hat\u00e1lya <\/strong><\/p>\n<ol>\n<li style=\"text-align: justify;\">\u00a7 Az Utas\u00edt\u00e1s hat\u00e1lya kiterjed Hajd\u00fas\u00e1mson V\u00e1ros \u00d6nkorm\u00e1nyzat\u00e1ra \u00e9s alkalmazottaira, az \u00f6nkorm\u00e1nyzat \u00e1ltal fenntartott int\u00e9zm\u00e9nyekre, az int\u00e9zm\u00e9nyek alkalmazottaira, a Hajd\u00fas\u00e1msoni B\u00f6lcs\u0151d\u00e9re, a Hajd\u00fas\u00e1msoni Polg\u00e1rmesteri Hivatal valamennyi szervezeti egys\u00e9g\u00e9re, a Hivatal vezet\u0151j\u00e9re, az ott kinevezett valamennyi k\u00f6ztisztvisel\u0151re \u00e9s munkav\u00e1llal\u00f3ra, tov\u00e1bb\u00e1 k\u00f6zfoglalkoztat\u00e1sban r\u00e9szt vev\u0151 munkav\u00e1llal\u00f3ra.<\/li>\n<\/ol>\n<p>&nbsp;<\/p>\n<ol start=\"2\">\n<li>\u00a7 A Szab\u00e1lyzat rendelkez\u00e9seit<\/li>\n<\/ol>\n<ul>\n<li style=\"text-align: justify;\">az Alapt\u00f6rv\u00e9ny cikk\u00e9vel,<\/li>\n<li style=\"text-align: justify;\">a katasztr\u00f3fav\u00e9delemr\u0151l \u00e9s a hozz\u00e1 kapcsol\u00f3d\u00f3 egyes t\u00f6rv\u00e9nyek m\u00f3dos\u00edt\u00e1s\u00e1r\u00f3l sz\u00f3l\u00f3 \u00e9vi CXXVIII. t\u00f6rv\u00e9ny,<\/li>\n<li style=\"text-align: justify;\">a vesz\u00e9lyhelyzet kihirdet\u00e9s\u00e9r\u0151l sz\u00f3l\u00f3 40\/2020. (III. 11.) Korm. rendelet (Korm. rendelet 1.),<\/li>\n<li style=\"text-align: justify;\">az \u00e9let- \u00e9s vagyonbiztons\u00e1got vesz\u00e9lyeztet\u0151 t\u00f6meges megbeteged\u00e9st okoz\u00f3 hum\u00e1nj\u00e1rv\u00e1ny megel\u0151z\u00e9se, illetve k\u00f6vetkezm\u00e9nyeinek elh\u00e1r\u00edt\u00e1sa, a magyar \u00e1llampolg\u00e1rok eg\u00e9szs\u00e9g\u00e9nek \u00e9s \u00e9let\u00e9nek meg\u00f3v\u00e1sa \u00e9rdek\u00e9ben elrendelt vesz\u00e9lyhelyzet sor\u00e1n teend\u0151 int\u00e9zked\u00e9sekr\u0151l sz\u00f3l\u00f3 41\/2020. (III. 11.) Korm. rendelet (Korm. rendelet 2.),<\/li>\n<li style=\"text-align: justify;\">az \u00e9let- \u00e9s vagyonbiztons\u00e1got vesz\u00e9lyeztet\u0151 t\u00f6meges megbeteged\u00e9st okoz\u00f3 hum\u00e1nj\u00e1rv\u00e1ny megel\u0151z\u00e9se, illetve k\u00f6vetkezm\u00e9nyeinek elh\u00e1r\u00edt\u00e1sa, a\u00a0magyar \u00e1llampolg\u00e1rok eg\u00e9szs\u00e9g\u00e9nek \u00e9s \u00e9let\u00e9nek meg\u00f3v\u00e1sa \u00e9rdek\u00e9ben elrendelt vesz\u00e9lyhelyzet sor\u00e1n teend\u0151 int\u00e9zked\u00e9sekr\u0151l (II.) sz\u00f3l\u00f3 45\/2020. (III. 14.) Korm. rendelet (Korm. rendelet 3.), tov\u00e1bb\u00e1<\/li>\n<li style=\"text-align: justify;\">a jelen, kihirdetett vesz\u00e9lyhelyzethez kapcsol\u00f3d\u00f3an az utas\u00edt\u00e1s hat\u00e1lyba l\u00e9p\u00e9se ut\u00e1n megalkotott Korm. rendeletek rendelkez\u00e9seivel \u00f6sszhangban kell alkalmazni.<\/li>\n<\/ul>\n<p>&nbsp;<\/p>\n<p style=\"text-align: center;\"><strong>A Polg\u00e1rmesteri Hivatal m\u0171k\u00f6d\u00e9s\u00e9re vonatkoz\u00f3 rendelkez\u00e9sek<\/strong><\/p>\n<ol start=\"3\">\n<li style=\"text-align: justify;\">\u00a7 (1) Az \u00f6nkorm\u00e1nyzat jegyz\u0151j\u00e9nek egyet\u00e9rt\u00e9s\u00e9vel 2020. m\u00e1rcius 16. napi hat\u00e1llyal (h\u00e9tf\u0151) hat\u00e1rozatlan ideig, a korl\u00e1toz\u00e1s visszavon\u00e1s\u00e1ig elrendelem a Hajd\u00fas\u00e1msoni Polg\u00e1rmesteri Hivatalban az \u00fcgyf\u00e9lfogad\u00e1s sz\u00fcneteltet\u00e9s\u00e9t.<\/li>\n<\/ol>\n<p style=\"padding-left: 40px; text-align: justify;\">(2) Az \u00fcgyint\u00e9z\u00e9sre, \u00fcgyind\u00edt\u00e1sra telefonon, elektronikus lev\u00e9l form\u00e1j\u00e1ban, \u00fcgyf\u00e9lkapun, postai \u00faton, valamint interneten kereszt\u00fcl (<a href=\"http:\/\/www.hajdusamson.hu\">www.hajdusamson.hu<\/a>, <a href=\"http:\/\/www.magyarorszag.hu\">www.magyarorszag.hu<\/a>) van lehet\u0151s\u00e9g.<\/p>\n<p style=\"padding-left: 40px; text-align: justify;\">(3) Szem\u00e9lyes \u00fcgyf\u00e9lfogad\u00e1sra kiz\u00e1r\u00f3lag eseti jelleggel, halaszt\u00e1st nem t\u0171r\u0151 esetben ker\u00fclhet sor, azzal, hogy az \u00fcgyfeleknek az \u00fcgyint\u00e9z\u0151vel kell telefonon id\u0151pontot egyeztetnie hivatali munkaid\u0151ben. Id\u0151pont egyeztet\u00e9s vagy foglal\u00e1s <em>n\u00e9lk\u00fcl<\/em> szem\u00e9lyes \u00fcgyf\u00e9lfogad\u00e1sra nincs m\u00f3d.<\/p>\n<p style=\"padding-left: 40px; text-align: justify;\">(4) Felk\u00e9rem a jegyz\u0151t, hogy az \u00fcgyfelek k\u00e9relmeinek fogad\u00e1s\u00e1ra a Polg\u00e1rmesteri Hivatal \u00e9p\u00fclet\u00e9n\u00e9l \u00fcgyf\u00e9lfogad\u00e1si-postal\u00e1da felszerel\u00e9s\u00e9r\u0151l gondoskodjon.<\/p>\n<p style=\"padding-left: 40px; text-align: justify;\">(5) A Polg\u00e1rmesteri Hivatal alkalmazottainak munkarendj\u00e9t jelen utas\u00edt\u00e1s nem \u00e9rinti.<\/p>\n<p>&nbsp;<\/p>\n<p style=\"text-align: center;\"><strong>Az Eszterl\u00e1nc \u00d3voda m\u0171k\u00f6d\u00e9s\u00e9re vonatkoz\u00f3 rendelkez\u00e9sek<\/strong><\/p>\n<p>&nbsp;<\/p>\n<ol start=\"4\">\n<li style=\"text-align: justify;\">\u00a7 (1) A hajd\u00fas\u00e1msoni Eszterl\u00e1nc \u00d3voda vezet\u0151j\u00e9nek egyet\u00e9rt\u00e9s\u00e9vel, a Korm. rendelet 3. 2. \u00a7-a felhatalmaz\u00e1sa alapj\u00e1n, az Eszterl\u00e1nc \u00d3vod\u00e1ban rendk\u00edv\u00fcli sz\u00fcnetet rendelek el a k\u00f6vetkez\u0151k szerint.<\/li>\n<\/ol>\n<p style=\"padding-left: 80px; text-align: justify;\">a) az \u00f3vod\u00e1ban 2020. m\u00e1rcius 16. napj\u00e1t\u00f3l 2020. m\u00e1rcius 18. napj\u00e1ig terjed\u0151, h\u00e1rom munkanapos id\u0151tartamban, \u00fcgyeleti rend szerint t\u00f6rt\u00e9nik valamennyi \u00f3vodai csoportban az \u00f3vodai nevel\u00e9si feladatok ell\u00e1t\u00e1sa. A sz\u00fcl\u0151k, hozz\u00e1tartoz\u00f3k, t\u00f6rv\u00e9nyes k\u00e9pvisel\u0151k \u00e1ltal az int\u00e9zm\u00e9nybe bevitt gyermekek ell\u00e1t\u00e1s\u00e1t teljes k\u00f6r\u0171en meg kell szervezni a fenti id\u0151szakban (3 munkanap).<\/p>\n<p style=\"padding-left: 80px; text-align: justify;\">b) Az \u00f3vod\u00e1ban <strong> m\u00e1rcius 19.<\/strong> napj\u00e1t\u00f3l (cs\u00fct\u00f6rt\u00f6k) rendk\u00edv\u00fcli sz\u00fcnetet rendelek el hat\u00e1rozatlan id\u0151tartamra, a korl\u00e1toz\u00e1s visszavon\u00e1s\u00e1ig. Az \u00f3voda alkalmazottainak az int\u00e9zm\u00e9ny l\u00e1togat\u00e1sa megengedett.<\/p>\n<p style=\"padding-left: 40px; text-align: justify;\">(2) A gyermek\u00e9tkeztet\u00e9s megszervez\u00e9se \u00e9s zavartalans\u00e1ga \u00e9rdek\u00e9ben felk\u00e9rem az \u00f3voda vezet\u0151j\u00e9t, hogy az \u00fcgyeleti rend szerinti id\u0151szakban (2020. m\u00e1rcius 16-18.) halad\u00e9ktalanul, teljes k\u00f6r\u0171en m\u00e9rje fel a gyermek\u00e9tkeztet\u00e9st ig\u00e9nybe vev\u0151k pontos l\u00e9tsz\u00e1m\u00e1t, a hivatal Szoci\u00e1lis \u00e9s Gy\u00e1m\u00fcgyi Oszt\u00e1lya k\u00f6zrem\u0171k\u00f6d\u00e9s\u00e9vel. Az \u00f3voda \u00e9p\u00fclet\u00e9ben gyermek\u00e9tkeztet\u00e9st megszervezni tilos.<\/p>\n<p>&nbsp;<\/p>\n<p style=\"text-align: center;\"><strong>A Hajd\u00fas\u00e1msoni B\u00f6lcs\u0151de m\u0171k\u00f6d\u00e9s\u00e9re vonatkoz\u00f3 rendelkez\u00e9sek<\/strong><\/p>\n<p>&nbsp;<\/p>\n<ol start=\"5\">\n<li style=\"text-align: justify;\">\u00a7 (1) A <strong>Ny\u00edradonyi Szoci\u00e1lis \u00e9s Gyermekj\u00f3l\u00e9ti Szolg\u00e1ltat\u00e1si K\u00f6zpont<\/strong> vezet\u0151j\u00e9nek, valamint az \u00e1ltala fenntartott<strong> H<\/strong>ajd\u00fas\u00e1msoni B\u00f6lcs\u0151de vezet\u0151j\u00e9nek j\u00f3v\u00e1hagy\u00e1s\u00e1val \u00e9s egyet\u00e9rt\u00e9s\u00e9vel, a T\u00e1rsul\u00e1s tagjak\u00e9nt, a Korm. rendelet 3. 2. \u00a7-a felhatalmaz\u00e1sa alapj\u00e1n, a Ny\u00edradonyi Szoci\u00e1lis \u00e9s Gyermekj\u00f3l\u00e9ti Szolg\u00e1ltat\u00e1si K\u00f6zpont 2. sz. B\u00f6lcs\u0151d\u00e9j\u00e9ben rendk\u00edv\u00fcli sz\u00fcnetet rendelek el a k\u00f6vetkez\u0151k szerint.<\/li>\n<\/ol>\n<p style=\"padding-left: 80px; text-align: justify;\">a) a b\u00f6lcs\u0151d\u00e9ben 2020. m\u00e1rcius 16. napj\u00e1n, egy munkanapos id\u0151tartamban, \u00fcgyeleti rend szerint t\u00f6rt\u00e9nik valamennyi b\u00f6lcs\u0151dei csoportban a b\u00f6lcs\u0151dei nevel\u00e9si feladatok ell\u00e1t\u00e1sa. A sz\u00fcl\u0151k, hozz\u00e1tartoz\u00f3k, t\u00f6rv\u00e9nyes k\u00e9pvisel\u0151k \u00e1ltal az int\u00e9zm\u00e9nybe bevitt kisgyermekek ell\u00e1t\u00e1s\u00e1t teljes k\u00f6r\u0171en meg kell szervezni a fenti id\u0151szakban (1 munkanap).<\/p>\n<p style=\"padding-left: 80px; text-align: justify;\">b) A b\u00f6lcs\u0151d\u00e9ben <strong> m\u00e1rcius 17.<\/strong> napj\u00e1t\u00f3l (kedd) rendk\u00edv\u00fcli sz\u00fcnetet rendelek el hat\u00e1rozatlan id\u0151tartamra, a korl\u00e1toz\u00e1s visszavon\u00e1s\u00e1ig. A b\u00f6lcs\u0151de alkalmazottainak az int\u00e9zm\u00e9ny l\u00e1togat\u00e1sa megengedett. Az esetlegesen sz\u00fcks\u00e9ges hum\u00e1npolitikai d\u00f6nt\u00e9sek meghozatala a Szolg\u00e1ltat\u00e1si K\u00f6zpont hat\u00e1sk\u00f6re.<\/p>\n<p style=\"padding-left: 40px; text-align: justify;\">(2) A b\u00f6lcs\u0151de \u00e9p\u00fclet\u00e9ben gyermek\u00e9tkeztet\u00e9st megszervezni tilos.<\/p>\n<p>&nbsp;<\/p>\n<p style=\"text-align: center;\"><strong>A Pet\u0151fi S\u00e1ndor V\u00e1rosi K\u00f6nyvt\u00e1r, M\u0171vel\u0151d\u00e9si H\u00e1z \u00e9s Ki\u00e1ll\u00edt\u00f3hely m\u0171k\u00f6d\u00e9s\u00e9re vonatkoz\u00f3 rendelkez\u00e9sek<\/strong><\/p>\n<p>&nbsp;<\/p>\n<ol start=\"6\">\n<li style=\"text-align: justify;\">\u00a7 (1) A k\u00f6zm\u0171vel\u0151d\u00e9si int\u00e9zm\u00e9ny igazgat\u00f3j\u00e1nak egyet\u00e9rt\u00e9s\u00e9vel 2020. m\u00e1rcius 16. napi hat\u00e1llyal hat\u00e1rozatlan ideig, a korl\u00e1toz\u00e1s visszavon\u00e1s\u00e1ig elrendelem a Pet\u0151fi S\u00e1ndor V\u00e1rosi K\u00f6nyvt\u00e1r, M\u0171vel\u0151d\u00e9si H\u00e1z \u00e9s Ki\u00e1ll\u00edt\u00f3helyen az \u00fcgyf\u00e9lfogad\u00e1s sz\u00fcneteltet\u00e9s\u00e9t.<\/li>\n<\/ol>\n<p style=\"padding-left: 40px; text-align: justify;\">(2) Az \u00fcgyint\u00e9z\u00e9sre telefonon, elektronikus lev\u00e9l form\u00e1j\u00e1ban, \u00fcgyf\u00e9lkapun, postai \u00faton, valamint interneten kereszt\u00fcl (<a href=\"http:\/\/www.hajdusamson.hu\">www.hajdusamson.hu<\/a>, <a href=\"http:\/\/www.magyarorszag.hu\">www.magyarorszag.hu<\/a>) van lehet\u0151s\u00e9g.<\/p>\n<p style=\"padding-left: 40px; text-align: justify;\">(3) Szem\u00e9lyes \u00fcgyf\u00e9lfogad\u00e1sra kiz\u00e1r\u00f3lag eseti jelleggel, halaszt\u00e1st nem t\u0171r\u0151 esetben ker\u00fclhet sor, azzal, hogy az \u00fcgyfeleknek a munkat\u00e1rssal kell telefonon id\u0151pontot egyeztetnie a nyitva tart\u00e1si id\u0151 alatt. Id\u0151pont egyeztet\u00e9s vagy foglal\u00e1s n\u00e9lk\u00fcl szem\u00e9lyes \u00fcgyf\u00e9lfogad\u00e1sra nincs m\u00f3d.<\/p>\n<p style=\"padding-left: 40px; text-align: justify;\">(4) Felk\u00e9rem az igazgat\u00f3t, hogy az \u00fcgyfelek k\u00e9relmeinek fogad\u00e1s\u00e1ra, a k\u00f6lcs\u00f6nz\u00f6tt k\u00f6nyvek visszav\u00e9telez\u00e9s\u00e9re az int\u00e9zm\u00e9ny \u00e9p\u00fclet\u00e9n\u00e9l \u00fcgyf\u00e9lfogad\u00e1si-postal\u00e1da felszerel\u00e9s\u00e9r\u0151l gondoskodjon.<\/p>\n<p style=\"padding-left: 40px; text-align: justify;\">(5) Felk\u00e9rem az igazgat\u00f3t tov\u00e1bb\u00e1, hogy a tantermen k\u00edv\u00fcli, digit\u00e1lis munkarend bevezet\u00e9se \u00e9rdek\u00e9ben a v\u00e1ros k\u00f6znevel\u00e9si int\u00e9zm\u00e9nyeivel egy\u00fcttm\u0171k\u00f6dni, a tanul\u00f3k sz\u00e1m\u00e1ra a sz\u00fcks\u00e9ges eszk\u00f6z\u00f6ket biztos\u00edtani sz\u00edveskedjen. A tanul\u00f3k fogad\u00e1s\u00e1ra telefonon el\u0151re egyeztetett id\u0151pontban van m\u00f3d, a 6. \u00a7 (3) bekezd\u00e9s rendelkez\u00e9seire tekintettel.<\/p>\n<p style=\"padding-left: 40px; text-align: justify;\">(5) Az int\u00e9zm\u00e9ny alkalmazottainak munkarendj\u00e9t jelen utas\u00edt\u00e1s nem \u00e9rinti.<\/p>\n<p>&nbsp;<\/p>\n<p style=\"text-align: center;\"><strong>A Ny\u00edradonyi Szoci\u00e1lis \u00e9s Gyermekj\u00f3l\u00e9ti Szolg\u00e1ltat\u00e1si K\u00f6zpont<\/strong><strong><br \/>\nGyermekj\u00f3l\u00e9ti Szolg\u00e1lat Hajd\u00fas\u00e1msoni Ter\u00fcleti Iroda m\u0171k\u00f6d\u00e9s\u00e9re vonatkoz\u00f3 rendelkez\u00e9sek<\/strong><\/p>\n<p>&nbsp;<\/p>\n<ol start=\"7\">\n<li style=\"text-align: justify;\">\u00a7 (1) A <strong>Ny\u00edradonyi Szoci\u00e1lis \u00e9s Gyermekj\u00f3l\u00e9ti Szolg\u00e1ltat\u00e1si K\u00f6zpont<\/strong> vezet\u0151j\u00e9nek, valamint az \u00e1ltala fenntartott Ter\u00fcleti Iroda vezet\u0151j\u00e9nek j\u00f3v\u00e1hagy\u00e1s\u00e1val \u00e9s egyet\u00e9rt\u00e9s\u00e9vel, a T\u00e1rsul\u00e1s tagjak\u00e9nt 2020. m\u00e1rcius 16. napj\u00e1t\u00f3l (h\u00e9tf\u0151) elrendelem a feladatell\u00e1t\u00e1shoz kapcsol\u00f3d\u00f3 csoportos foglalkoz\u00e1sok sz\u00fcneteltet\u00e9s\u00e9t, hat\u00e1rozatlan id\u0151tartamra, a korl\u00e1toz\u00e1s megsz\u0171n\u00e9s\u00e9ig.<\/li>\n<\/ol>\n<p style=\"padding-left: 40px; text-align: justify;\">(2) Felk\u00e9rem az int\u00e9zm\u00e9ny vezet\u0151j\u00e9t, hogy a feladatell\u00e1t\u00e1s sor\u00e1n a szolg\u00e1ltat\u00e1sokat ig\u00e9nybe vev\u0151kkel a szolg\u00e1ltat\u00e1sok ig\u00e9nybe v\u00e9tel\u00e9r\u0151l \u00e9s annak m\u00f3dj\u00e1r\u00f3l egyedileg egyeztetni sz\u00edveskedjenek.<\/p>\n<p style=\"padding-left: 40px; text-align: justify;\">(3) Az int\u00e9zm\u00e9ny \u00e9p\u00fclet\u00e9ben \u00e9tkeztet\u00e9st megszervezni tilos.<\/p>\n<p>&nbsp;<\/p>\n<p style=\"text-align: center;\"><strong>A hat\u00f3s\u00e1gi h\u00e1zi karant\u00e9nban l\u00e9v\u0151k ell\u00e1t\u00e1s\u00e1nak megszervez\u00e9s\u00e9re vonatkoz\u00f3 rendelkez\u00e9sek<\/strong><\/p>\n<p>&nbsp;<\/p>\n<ol start=\"8\">\n<li style=\"text-align: justify;\">\u00a7 (1) A Korm. rendelet 2. 3. \u00a7 (2) bekezd\u00e9sben meghat\u00e1rozott feladat megval\u00f3s\u00edt\u00e1s\u00e1ra (hat\u00f3s\u00e1gi h\u00e1zi karant\u00e9nban tart\u00f3zkod\u00f3k ell\u00e1t\u00e1sa) Nagyh\u00e1zi G\u00e1bor katasztr\u00f3fav\u00e9delmi referenst jel\u00f6l\u00f6m ki.<\/li>\n<\/ol>\n<p style=\"padding-left: 40px; text-align: justify;\">(2) Felk\u00e9rem a jegyz\u0151t, hogy a munkat\u00e1rs v\u00e9d\u0151eszk\u00f6zzel t\u00f6rt\u00e9n\u0151 ell\u00e1t\u00e1s\u00e1r\u00f3l gondoskodjon, valamint a feladat ell\u00e1t\u00e1shoz kapcsol\u00f3d\u00f3 hivatali g\u00e9pj\u00e1rm\u0171 megfelel\u0151 m\u0171szaki \u00e1llapotban rendelkez\u00e9sre \u00e1lljon.<\/p>\n<p style=\"padding-left: 40px; text-align: justify;\">(3) Felk\u00e9rem tov\u00e1bb\u00e1 a csal\u00e1dseg\u00edt\u0151 szolg\u00e1lat Ter\u00fcleti Irod\u00e1j\u00e1t, hogy a feladatell\u00e1t\u00e1sban sz\u00fcks\u00e9g eset\u00e9n egy\u00fcttm\u0171k\u00f6dni sz\u00edveskedjen.<\/p>\n<p>&nbsp;<\/p>\n<p style=\"padding-left: 40px;\"><strong>Az \u00f6nkorm\u00e1nyzat tulajdon\u00e1ban \u00e1ll\u00f3 sportp\u00e1lya, k\u00f6zfoglalkoztat\u00e1si telep (Herna), valamint a N\u00e9pkonyha m\u0171k\u00f6d\u00e9s\u00e9re vonatkoz\u00f3 rendelkez\u00e9sek<\/strong><\/p>\n<p>&nbsp;<\/p>\n<ol start=\"9\">\n<li style=\"text-align: justify;\">\u00a7 (1) Az \u00f6nkorm\u00e1nyzat tulajdon\u00e1ban \u00e1ll\u00f3 sportp\u00e1lya (Kossuth u. 14., 2055\/1 hrsz) vonatkoz\u00e1s\u00e1ban 2020. m\u00e1rcius 16. napj\u00e1t\u00f3l elrendelem a l\u00e9tes\u00edtm\u00e9ny haszn\u00e1lat\u00e1nak sz\u00fcneteltet\u00e9s\u00e9t, hat\u00e1rozatlan id\u0151tartamra, a korl\u00e1toz\u00e1s megsz\u0171n\u00e9s\u00e9ig.<\/li>\n<\/ol>\n<p style=\"padding-left: 40px; text-align: justify;\">(2) Az \u00f6nkorm\u00e1nyzat tulajdon\u00e1ban \u00e1ll\u00f3 k\u00f6zfoglalkoztat\u00e1si telep (Herna-telep) vonatkoz\u00e1s\u00e1ban elrendelem, hogy a k\u00f6zfoglalkoztat\u00e1si munkacsoport-vezet\u0151k a munk\u00e1t \u00fagy szervezz\u00e9k meg, hogy z\u00e1rt t\u00e9rben legfeljebb 10 f\u0151, ny\u00edlt t\u00e9ren legfeljebb 50 f\u0151 tart\u00f3zkodjon egyidej\u0171leg.<\/p>\n<p style=\"padding-left: 40px; text-align: justify;\">(2) A 4251 Hajd\u00fas\u00e1mson, Kossuth u. 16. sz\u00e1m alatt m\u0171k\u00f6d\u0151 N\u00e9pkonyhai feladatell\u00e1t\u00e1s vonatkoz\u00e1s\u00e1ban elrendelem, hogy az \u00e9p\u00fcletben egyidej\u0171leg legfeljebb 5 (\u00f6t) f\u0151 veheti ig\u00e9nybe az \u00e9tkez\u00e9sre kijel\u00f6lt termet.<\/p>\n<p>&nbsp;<\/p>\n<p style=\"text-align: center;\"><strong>Az eg\u00e9szs\u00e9g\u00fcgyi feladatell\u00e1t\u00e1s m\u0171k\u00f6d\u00e9s\u00e9vel kapcsolatos rendelkez\u00e9sek<\/strong><\/p>\n<p>&nbsp;<\/p>\n<ol start=\"10\">\n<li style=\"text-align: justify;\">\u00a7 (1) Az eg\u00e9szs\u00e9g\u00fcgyi alapfeladat-ell\u00e1t\u00e1sba bevont \u00e9p\u00fcletek (H\u00e1rsfa utca, Hunyadi utca, Sz\u0171cs utca) vonatkoz\u00e1s\u00e1ban elrendelem, hogy orvosi rendel\u0151nk\u00e9nt, vagy v\u00e9d\u0151n\u0151i szolg\u00e1ltat\u00f3i helyenk\u00e9nt a belt\u00e9ri v\u00e1rakoz\u00f3 helyis\u00e9gben legfeljebb 5 f\u0151 tart\u00f3zkodjon. A t\u00f6bbi, ell\u00e1t\u00e1sra v\u00e1rakoz\u00f3nak z\u00e1rt t\u00e9rben v\u00e1rakozni tilos, az ell\u00e1t\u00e1sra v\u00e1rakoz\u00f3knak egym\u00e1st folyamatosan rot\u00e1lni kell.<\/li>\n<\/ol>\n<p style=\"padding-left: 40px; text-align: justify;\">(2) Felk\u00e9rem az eg\u00e9szs\u00e9g\u00fcgyi alapfeladat-ell\u00e1t\u00e1sban r\u00e9szt vev\u0151 orvosokat, v\u00e9d\u0151n\u0151ket \u00e9s alkalmazottakat, hogy a betegeket, p\u00e1cienseket lehet\u0151s\u00e9g szerint id\u0151pont foglal\u00e1s alapj\u00e1n, vagy egyedi egyeztet\u00e9s szerint fogadj\u00e1k.<\/p>\n<p style=\"padding-left: 40px; text-align: justify;\">(3) A fogorvosi alapell\u00e1t\u00e1sban kiz\u00e1r\u00f3lag a s\u00fcrg\u0151ss\u00e9gi ell\u00e1t\u00e1s megengedett.<\/p>\n<p>&nbsp;<\/p>\n<p style=\"text-align: center;\"><strong>Az \u00f6nkorm\u00e1nyzati rendezv\u00e9nyek szervez\u00e9s\u00e9re \u00e9s a munkav\u00e1llal\u00f3k utaz\u00e1s\u00e1ra vonatkoz\u00f3 rendelkez\u00e9sek, egyebek<\/strong><\/p>\n<p><strong>\u00a0<\/strong><\/p>\n<ol start=\"11\">\n<li style=\"text-align: justify;\">\u00a7 (1) Felk\u00e9rem, illetve felk\u00e9rtem az int\u00e9zm\u00e9nyvezet\u0151ket, hogy 2020. m\u00e1rcius 13. napj\u00e1t\u00f3l \u2013 a szok\u00e1sos vagy halaszt\u00e1st nem t\u0171r\u0151 nyilv\u00e1nos rendezv\u00e9nyek kiv\u00e9tel\u00e9vel \u2013 a programok elhalaszt\u00e1sa vagy elt\u00f6rl\u00e9se \u00e9rdek\u00e9ben a sz\u00fcks\u00e9ges int\u00e9zked\u00e9seket tegy\u00e9k meg, \u00f6sszhangban az Operat\u00edv T\u00f6rzs aj\u00e1nl\u00e1saival.<\/li>\n<\/ol>\n<p style=\"padding-left: 40px; text-align: justify;\">(2) A Polg\u00e1rmesteri Hivatalban 2020. m\u00e1rcius 16. napj\u00e1t\u00f3l \u2013 a jegyz\u0151vel k\u00f6z\u00f6sen \u2013 elrendeltem, hogy a dolgoz\u00f3k, munkat\u00e1rsak tart\u00f3zkodjanak a k\u00fclf\u00f6ldre t\u00f6rt\u00e9n\u0151 utaz\u00e1st\u00f3l, amennyiben pedig erre m\u00e9gis sor ker\u00fcl, \u00fagy a haza\u00e9rkez\u00e9st\u0151l sz\u00e1m\u00edtott 14 napig szabads\u00e1gon kell lenni az \u00e9rintett munkat\u00e1rsnak.<\/p>\n<p style=\"padding-left: 40px; text-align: justify;\">(3) A (2) bekezd\u00e9s szerinti int\u00e9zked\u00e9s megt\u00e9tel\u00e9t k\u00e9rtem valamennyi \u00f6nkorm\u00e1nyzati tulajdon\u00fa, fenntart\u00e1s\u00fa gazdas\u00e1gi t\u00e1rsas\u00e1g, k\u00f6lts\u00e9gvet\u00e9si int\u00e9zm\u00e9ny vezet\u0151j\u00e9t\u0151l.<\/p>\n<p style=\"padding-left: 40px; text-align: justify;\">(4) Felk\u00e9rem a P\u00e9nz\u00fcgyi \u00e9s Gazdas\u00e1gi Oszt\u00e1ly, valamint a V\u00e1rosfejleszt\u00e9si \u00e9s M\u0171szaki Oszt\u00e1ly vezet\u0151it, hogy a feladatell\u00e1t\u00e1shoz sz\u00fcks\u00e9ges v\u00e9d\u0151eszk\u00f6z\u00f6k \u00e9s fert\u0151tlen\u00edt\u0151szerek beszerz\u00e9se vonatkoz\u00e1s\u00e1ban valamennyi t\u00e1rsszervvel egy\u00fcttm\u0171k\u00f6dni sz\u00edveskedjen, k\u00fcl\u00f6n\u00f6sen az \u00e9p\u00fcletek mindennapos tiszt\u00edt\u00e1sa \u00e9s fert\u0151tlen\u00edt\u00e9se \u00e9rdek\u00e9ben.<\/p>\n<p>&nbsp;<\/p>\n<p style=\"text-align: center;\"><strong>Z\u00e1r\u00f3 rendelkez\u00e9sek<\/strong><\/p>\n<p>&nbsp;<\/p>\n<ol start=\"12\">\n<li>\u00a7 Jelen Utas\u00edt\u00e1s <strong>2020. m\u00e1rcius 15. napj\u00e1n 20.00 \u00f3rakor<\/strong> l\u00e9p hat\u00e1lyba \u00e9s annak visszavon\u00e1s\u00e1ig tart.<\/li>\n<\/ol>\n<p>&nbsp;<\/p>\n<p><strong>Hajd\u00fas\u00e1mson, 2020. m\u00e1rcius 15. <\/strong><\/p>\n<p>&nbsp;<\/p>\n<p style=\"text-align: right;\"><strong>Antal Szabolcs<br \/>\n<\/strong><strong>polg\u00e1rmester<\/strong><\/p>\n<\/div><\/div>\n","protected":false},"excerpt":{"rendered":"","protected":false},"author":1,"featured_media":20238,"comment_status":"open","ping_status":"open","sticky":false,"template":"","format":"standard","meta":{"footnotes":""},"categories":[77,79,69,52,39,76,81,82,78,40],"tags":[],"class_list":["post-20237","post","type-post","status-publish","format-standard","has-post-thumbnail","hentry","category-bolcsode","category-gyors-hirek","category-hirdetmenyek-hirdetmenyek","category-hirdetmenyek","category-hirek","category-intezmenyeink-hirei","category-iskolak","category-koronavirus","category-kozmuvelodesi-intezmeny","category-ovoda"],"_links":{"self":[{"href":"https:\/\/hajdusamson.hu\/index.php?rest_route=\/wp\/v2\/posts\/20237","targetHints":{"allow":["GET"]}}],"collection":[{"href":"https:\/\/hajdusamson.hu\/index.php?rest_route=\/wp\/v2\/posts"}],"about":[{"href":"https:\/\/hajdusamson.hu\/index.php?rest_route=\/wp\/v2\/types\/post"}],"author":[{"embeddable":true,"href":"https:\/\/hajdusamson.hu\/index.php?rest_route=\/wp\/v2\/users\/1"}],"replies":[{"embeddable":true,"href":"https:\/\/hajdusamson.hu\/index.php?rest_route=%2Fwp%2Fv2%2Fcomments&post=20237"}],"version-history":[{"count":4,"href":"https:\/\/hajdusamson.hu\/index.php?rest_route=\/wp\/v2\/posts\/20237\/revisions"}],"predecessor-version":[{"id":20287,"href":"https:\/\/hajdusamson.hu\/index.php?rest_route=\/wp\/v2\/posts\/20237\/revisions\/20287"}],"wp:featuredmedia":[{"embeddable":true,"href":"https:\/\/hajdusamson.hu\/index.php?rest_route=\/wp\/v2\/media\/20238"}],"wp:attachment":[{"href":"https:\/\/hajdusamson.hu\/index.php?rest_route=%2Fwp%2Fv2%2Fmedia&parent=20237"}],"wp:term":[{"taxonomy":"category","embeddable":true,"href":"https:\/\/hajdusamson.hu\/index.php?rest_route=%2Fwp%2Fv2%2Fcategories&post=20237"},{"taxonomy":"post_tag","embeddable":true,"href":"https:\/\/hajdusamson.hu\/index.php?rest_route=%2Fwp%2Fv2%2Ftags&post=20237"}],"curies":[{"name":"wp","href":"https:\/\/api.w.org\/{rel}","templated":true}]}}