{"id":20241,"date":"2020-03-15T19:11:16","date_gmt":"2020-03-15T18:11:16","guid":{"rendered":"http:\/\/hajdusamson.hu\/?p=20241"},"modified":"2020-03-18T10:08:52","modified_gmt":"2020-03-18T09:08:52","slug":"hasznos-informaciok-a-koronavirus-terjedesenek-megakadalyozasa-erdekeben","status":"publish","type":"post","link":"https:\/\/hajdusamson.hu\/?p=20241","title":{"rendered":"Hasznos inform\u00e1ci\u00f3k a koronav\u00edrus terjed\u00e9s\u00e9nek megakad\u00e1lyoz\u00e1sa \u00e9rdek\u00e9ben"},"content":{"rendered":"<div class=\"fusion-fullwidth fullwidth-box\" style=\"background-color:#ffffff;background-attachment:scroll;background-position:left top;background-repeat:no-repeat;-webkit-background-size:cover;-moz-background-size:cover;-o-background-size:cover;background-size:cover;border-color:#eae9e9;border-bottom-width: 0px;border-top-width: 0px;border-bottom-style: solid;border-top-style: solid;padding-bottom:20px;padding-left:20px;padding-right:20px;padding-top:20px;\"><div class=\"avada-row\">\n<p style=\"text-align: center;\"><strong><em>Hasznos inform\u00e1ci\u00f3k a koronav\u00edrus terjed\u00e9s\u00e9nek megakad\u00e1lyoz\u00e1sa \u00e9rdek\u00e9ben<\/em><\/strong><\/p>\n<p>&nbsp;<\/p>\n<p style=\"text-align: center;\"><strong><u>LAKOSS\u00c1GI T\u00c1J\u00c9KOZTAT\u00d3<\/u><\/strong><\/p>\n<p>&nbsp;<\/p>\n<p>Az \u00faj t\u00edpus\u00fa koronav\u00edrussal kapcsolatban a k\u00f6vetkez\u0151kr\u0151l t\u00e1j\u00e9koztatjuk a Tisztelt Hajd\u00fas\u00e1msoni Lakoss\u00e1got!<\/p>\n<p><strong><u>B\u00f6lcs\u0151de \u00e9s \u00f3voda: <\/u><\/strong><\/p>\n<ul>\n<li>az \u00f3vodai ell\u00e1t\u00e1s 2020. m\u00e1rcius 19. napj\u00e1t\u00f3l (cs\u00fct\u00f6rt\u00f6k) sz\u00fcnetel,<\/li>\n<li>az \u00f3voda 2020. m\u00e1rcius 16-17-18. napj\u00e1n m\u00e9g fogadja a gyermekeket,<\/li>\n<li>a jogosult sz\u00fcl\u0151knek m\u00e1rcius 16. \u00e9s 18. k\u00f6z\u00f6tt nyilatkozni kell az \u00f3vodavezet\u0151n\u00e9l \u00edr\u00e1sban a gyermek\u00e9tkeztet\u00e9s ig\u00e9nybe v\u00e9tel\u00e9r\u0151l,<\/li>\n<li>a b\u00f6lcs\u0151de m\u0171k\u00f6d\u00e9se 2020. m\u00e1rcius 17. napj\u00e1t\u00f3l (kedd) sz\u00fcnetel,<\/li>\n<li>k\u00e9rj\u00fck a Tisztelt Sz\u00fcl\u0151ket, hogy a gyermekek v\u00e1lt\u00f3ruh\u00e1s zs\u00e1kjait \u2013 ig\u00e9ny eset\u00e9n \u2013 haza vinni sz\u00edveskedjenek.<\/li>\n<\/ul>\n<p><strong><u>\u00d6nkorm\u00e1nyzati int\u00e9zm\u00e9nyek:<\/u><\/strong><\/p>\n<ul>\n<li>a m\u0171vel\u0151d\u00e9si h\u00e1zban a szem\u00e9lyes \u00fcgyf\u00e9lfogad\u00e1s sz\u00fcnetel, elektronikus \u00fcgyint\u00e9z\u00e9sre van lehet\u0151s\u00e9g,<\/li>\n<li>a Polg\u00e1rmesteri Hivatalban a szem\u00e9lyes \u00fcgyf\u00e9lfogad\u00e1s sz\u00fcnetel, elektronikus \u00fcgyint\u00e9z\u00e9sre van lehet\u0151s\u00e9g,<\/li>\n<li>a sportp\u00e1lya bez\u00e1r,<\/li>\n<li>k\u00e9rj\u00fck a csal\u00e1d- \u00e9s gyermekj\u00f3l\u00e9ti szolg\u00e1lat \u00fcgyfeleit, hogy az ell\u00e1t\u00e1sokr\u00f3l a szolg\u00e1lattal telefonon egyeztetni sz\u00edveskedjenek.<\/li>\n<\/ul>\n<p><strong><u>Az eg\u00e9szs\u00e9g\u00fcgyi alapell\u00e1t\u00e1s h\u00edrei: <\/u><\/strong><\/p>\n<ul>\n<li>k\u00e9rj\u00fck a Tisztelt Lakoss\u00e1got, hogy amennyiben a koronav\u00edrus t\u00fcneteit v\u00e9li \u00d6nmag\u00e1n, vagy csal\u00e1dtagjain felfedezni, a h\u00e1ziorvossal kiz\u00e1r\u00f3lag telefonon kapcsolatba l\u00e9pni sz\u00edveskedjenek,<\/li>\n<li>a fogorvosi ell\u00e1t\u00e1s keret\u00e9ben csak a s\u00fcrg\u0151ss\u00e9gi ell\u00e1t\u00e1s enged\u00e9lyezett,<\/li>\n<li>a gy\u00f3gyszerekre \u00e9s gy\u00f3gy\u00e1szati seg\u00e9deszk\u00f6z\u00f6kre ki\u00e1ll\u00edtott receptek a vesz\u00e9lyhelyzet id\u0151tartama alatt is \u00e9rv\u00e9nyesek maradnak, s\u0151t a megsz\u0171n\u00e9s\u00e9t k\u00f6vet\u0151 90 napig azok lesznek. Ami pedig az e-recepteket illeti, a vesz\u00e9lyhelyzet idej\u00e9n stabil \u00e1llapot\u00fa kr\u00f3nikus betegek eset\u00e9ben a gy\u00f3gyszerek e-recepten t\u00f6rt\u00e9n\u0151 rendel\u00e9se \u00e9s a tan\u00e1csad\u00e1s t\u00e1vkonzult\u00e1ci\u00f3 sor\u00e1n is megt\u00f6rt\u00e9nhet<\/li>\n<\/ul>\n<p>T\u00e1j\u00e9koztatjuk a Lakosokat, hogy a h\u00e1zi karant\u00e9nba ker\u00fcl\u0151k seg\u00edt\u00e9s\u00e9t, ell\u00e1t\u00e1s\u00e1t az \u00f6nkorm\u00e1nyzat az el\u0151\u00edr\u00e1soknak megfelel\u0151en biztos\u00edtani fogja.<\/p>\n<p>K\u00e9rj\u00fck a Tisztelt Lakoss\u00e1got, hogy csal\u00e1di rendezv\u00e9nyeik (esk\u00fcv\u0151), valamint esem\u00e9nyeik (temet\u00e9s) eset\u00e9ben az Operat\u00edv T\u00f6rzs aj\u00e1nl\u00e1sait fokozott figyelemmel \u00e9s k\u00f6r\u00fcltekint\u00e9ssel alkalmazz\u00e1k!<\/p>\n<p>&nbsp;<\/p>\n<p><strong>Hajd\u00fas\u00e1mson, 2020. m\u00e1rcius 15.<\/strong><\/p>\n<p style=\"text-align: right;\"><strong>Antal Szabolcs<br \/>\n<\/strong><strong>polg\u00e1rmester<\/strong><\/p>\n<\/div><\/div>\n","protected":false},"excerpt":{"rendered":"","protected":false},"author":1,"featured_media":17942,"comment_status":"open","ping_status":"open","sticky":false,"template":"","format":"standard","meta":{"footnotes":""},"categories":[79,52,39,82,68],"tags":[],"class_list":["post-20241","post","type-post","status-publish","format-standard","has-post-thumbnail","hentry","category-gyors-hirek","category-hirdetmenyek","category-hirek","category-koronavirus","category-lakossagi-tajekoztato"],"_links":{"self":[{"href":"https:\/\/hajdusamson.hu\/index.php?rest_route=\/wp\/v2\/posts\/20241","targetHints":{"allow":["GET"]}}],"collection":[{"href":"https:\/\/hajdusamson.hu\/index.php?rest_route=\/wp\/v2\/posts"}],"about":[{"href":"https:\/\/hajdusamson.hu\/index.php?rest_route=\/wp\/v2\/types\/post"}],"author":[{"embeddable":true,"href":"https:\/\/hajdusamson.hu\/index.php?rest_route=\/wp\/v2\/users\/1"}],"replies":[{"embeddable":true,"href":"https:\/\/hajdusamson.hu\/index.php?rest_route=%2Fwp%2Fv2%2Fcomments&post=20241"}],"version-history":[{"count":1,"href":"https:\/\/hajdusamson.hu\/index.php?rest_route=\/wp\/v2\/posts\/20241\/revisions"}],"predecessor-version":[{"id":20242,"href":"https:\/\/hajdusamson.hu\/index.php?rest_route=\/wp\/v2\/posts\/20241\/revisions\/20242"}],"wp:featuredmedia":[{"embeddable":true,"href":"https:\/\/hajdusamson.hu\/index.php?rest_route=\/wp\/v2\/media\/17942"}],"wp:attachment":[{"href":"https:\/\/hajdusamson.hu\/index.php?rest_route=%2Fwp%2Fv2%2Fmedia&parent=20241"}],"wp:term":[{"taxonomy":"category","embeddable":true,"href":"https:\/\/hajdusamson.hu\/index.php?rest_route=%2Fwp%2Fv2%2Fcategories&post=20241"},{"taxonomy":"post_tag","embeddable":true,"href":"https:\/\/hajdusamson.hu\/index.php?rest_route=%2Fwp%2Fv2%2Ftags&post=20241"}],"curies":[{"name":"wp","href":"https:\/\/api.w.org\/{rel}","templated":true}]}}