{"id":20301,"date":"2020-03-19T08:04:46","date_gmt":"2020-03-19T07:04:46","guid":{"rendered":"http:\/\/hajdusamson.hu\/?p=20301"},"modified":"2020-04-28T08:41:42","modified_gmt":"2020-04-28T07:41:42","slug":"szocialis-alapszolgaltatasok-hajdusamsonban-a-jarvany-idejen","status":"publish","type":"post","link":"https:\/\/hajdusamson.hu\/?p=20301","title":{"rendered":"SZOCI\u00c1LIS ALAPSZOLG\u00c1LTAT\u00c1SOK HAJD\u00daS\u00c1MSONBAN A J\u00c1RV\u00c1NY IDEJ\u00c9N"},"content":{"rendered":"<div class=\"fusion-fullwidth fullwidth-box\" style=\"background-color:#ffffff;background-attachment:scroll;background-position:left top;background-repeat:no-repeat;-webkit-background-size:cover;-moz-background-size:cover;-o-background-size:cover;background-size:cover;border-color:#eae9e9;border-bottom-width: 0px;border-top-width: 0px;border-bottom-style: solid;border-top-style: solid;padding-bottom:20px;padding-left:20px;padding-right:20px;padding-top:20px;\"><div class=\"avada-row\">\n<p>&nbsp;<\/p>\n<h2><a href=\"https:\/\/hajdusamson.hu\/wp-content\/uploads\/2020\/03\/Untitled-1-7.jpg\"><img loading=\"lazy\" decoding=\"async\" class=\"nodisp aligncenter wp-image-20299 size-full\" src=\"https:\/\/hajdusamson.hu\/wp-content\/uploads\/2020\/03\/Untitled-1-7.jpg\" alt=\"\" width=\"781\" height=\"380\" srcset=\"https:\/\/hajdusamson.hu\/wp-content\/uploads\/2020\/03\/Untitled-1-7.jpg 781w, https:\/\/hajdusamson.hu\/wp-content\/uploads\/2020\/03\/Untitled-1-7-300x146.jpg 300w, https:\/\/hajdusamson.hu\/wp-content\/uploads\/2020\/03\/Untitled-1-7-768x374.jpg 768w, https:\/\/hajdusamson.hu\/wp-content\/uploads\/2020\/03\/Untitled-1-7-320x156.jpg 320w, https:\/\/hajdusamson.hu\/wp-content\/uploads\/2020\/03\/Untitled-1-7-460x224.jpg 460w, https:\/\/hajdusamson.hu\/wp-content\/uploads\/2020\/03\/Untitled-1-7-700x340.jpg 700w\" sizes=\"auto, (max-width: 781px) 100vw, 781px\" \/><\/a><\/h2>\n<h2 style=\"text-align: center;\">SZOCI\u00c1LIS ALAPSZOLG\u00c1LTAT\u00c1SOK HAJD\u00daS\u00c1MSONBAN A J\u00c1RV\u00c1NY IDEJ\u00c9N<\/h2>\n<p>&nbsp;<\/p>\n<p>Minden alapszolg\u00e1ltat\u00e1s eset\u00e9ben az ell\u00e1tottakkal telefonon \u00e9s elektronikus \u00faton oldjuk meg a kapcsolattart\u00e1st!<\/p>\n<p>Telefonsz\u00e1mok:<\/p>\n<ul>\n<li>06 52\/201-343<\/li>\n<li>06 52\/201-346<\/li>\n<\/ul>\n<p>E-mail:<\/p>\n<ul>\n<li><a href=\"mailto:csszolgalatsamson@gmail.com\">csszolgalatsamson@gmail.com<\/a><\/li>\n<\/ul>\n<p>&nbsp;<\/p>\n<p>A telefonos kapcsolattart\u00e1s az al\u00e1bbiak szerint val\u00f3sul meg:<\/p>\n<p style=\"padding-left: 40px;\">H\u00e9tf\u0151:\u00a0 \u00a0 \u00a0 \u00a0 \u00a0 \u00a0 \u00a0 \u00a0 \u00a0 \u00a08-16 \u00f3r\u00e1ig<\/p>\n<p style=\"padding-left: 40px;\">Kedd: \u00a0\u00a0\u00a0\u00a0\u00a0\u00a0\u00a0\u00a0\u00a0\u00a0\u00a0\u00a0\u00a0\u00a0\u00a0\u00a0\u00a0\u00a0 8-16 \u00f3r\u00e1ig<\/p>\n<p style=\"padding-left: 40px;\">Szerda:\u00a0\u00a0\u00a0\u00a0\u00a0\u00a0\u00a0\u00a0\u00a0\u00a0\u00a0\u00a0\u00a0\u00a0\u00a0\u00a0 8-16 \u00f3r\u00e1ig<\/p>\n<p style=\"padding-left: 40px;\">Cs\u00fct\u00f6rt\u00f6k:\u00a0 \u00a0 \u00a0 \u00a0 \u00a0 \u00a08-16 \u00f3r\u00e1ig<\/p>\n<p style=\"padding-left: 40px;\">P\u00e9ntek:\u00a0 \u00a0 \u00a0 \u00a0 \u00a0 \u00a0 \u00a0 \u00a0 \u00a08-12 \u00f3r\u00e1ig<\/p>\n<p>&nbsp;<\/p>\n<p>Inform\u00e1ci\u00f3s vonalak:<\/p>\n<ul>\n<li>06 80\/277 455<\/li>\n<li>06 80\/277 456<\/li>\n<\/ul>\n<p><a href=\"mailto:koronavirus@bm.gov.hu\">koronavirus@bm.gov.hu<\/a><\/p>\n<hr \/>\n<p style=\"text-align: justify;\"><em><strong>Csal\u00e1d- \u00e9s gyermekj\u00f3l\u00e9ti szolg\u00e1ltat\u00e1s<\/strong><\/em><\/p>\n<p style=\"text-align: justify;\">Az \u00fcgyint\u00e9z\u00e9seket legink\u00e1bb telefonon \u00e9s elektronikusan v\u00e9gezz\u00fck.<\/p>\n<p style=\"text-align: justify;\">\u00dcgyf\u00e9lfogad\u00e1s :<\/p>\n<p style=\"text-align: justify;\">A kliensek az int\u00e9zm\u00e9nyen k\u00edv\u00fcl v\u00e1rakozzanak, NE az int\u00e9zm\u00e9nyben!<\/p>\n<p style=\"text-align: justify;\">\u00a0&#8211; ez jelen pillanatban sztenderd elj\u00e1r\u00e1srend minden lakoss\u00e1gi szolg\u00e1ltat\u00e1s eset\u00e9n az \u00e1llami \u00e9s azon k\u00edv\u00fcli szektorokban is!<\/p>\n<ul style=\"text-align: justify;\">\n<li>Csal\u00e1dl\u00e1togat\u00e1sra csak indokolt esetben, s\u00falyos vesz\u00e9lyeztet\u00e9s felmer\u00fcl\u00e9s eset\u00e9n ker\u00fclhet sor!<\/li>\n<li>A halaszthat\u00f3 feladatokat (pl.: lej\u00e1r\u00f3 \u00fcgyiratokkal kapcsolatos \u00fcgyint\u00e9z\u00e9s ) elhalasztjuk!<\/li>\n<li>Az adom\u00e1ny fogad\u00e1st-k\u00f6zvet\u00edt\u00e9st minim\u00e1lisra cs\u00f6kkentj\u00fck!<\/li>\n<\/ul>\n<p style=\"text-align: justify;\">A hat\u00f3s\u00e1gi \u00fcgyekben a jogszab\u00e1lyok \u00e9s protokollok hat\u00e1rid\u0151ket \u00e1llap\u00edtanak meg, ezek a j\u00e1rv\u00e1nyhelyzett\u0151l f\u00fcggetlenek, korm\u00e1nyzati int\u00e9zked\u00e9s ezek eltol\u00e1s\u00e1ra m\u00e9g nem sz\u00fcletett. Ennek ellen\u00e9re javasolt a nem l\u00e9tfontoss\u00e1g\u00fa \u00fcgyekben, hogy m\u00e9rlegelj\u00fck azok kivitelez\u00e9s\u00e9vel j\u00e1r\u00f3 kock\u00e1zatokat \u00e9s annak megfelel\u0151en d\u00f6nts\u00fcnk.<\/p>\n<p style=\"text-align: justify;\">A kr\u00edzishelyzetek kezel\u00e9se jelen helyzetben sem halaszthat\u00f3 el, ezt a szolg\u00e1lat munkat\u00e1rsainak biztos\u00edtania kell a megfelel\u0151 \u00f3vint\u00e9zked\u00e9sek betart\u00e1sa mellett!<\/p>\n<hr \/>\n<p style=\"text-align: justify;\"><em><strong>H\u00e1zi seg\u00edts\u00e9gny\u00fajt\u00e1s<\/strong><\/em><\/p>\n<p style=\"text-align: justify;\">A szolg\u00e1ltat\u00e1s sor\u00e1n a tev\u00e9kenys\u00e9gek r\u00e9szben a gondozott otthon\u00e1ban, r\u00e9szben kereskedelmi egys\u00e9gekben, gy\u00f3gyszert\u00e1rakban t\u00f6rt\u00e9nnek, ez a fert\u0151z\u00e9s terjed\u00e9s\u00e9ben magas kock\u00e1zat\u00fanak \u00e9rt\u00e9kelhet\u0151!<\/p>\n<ul style=\"text-align: justify;\">\n<li>A gondoz\u00e1si tev\u00e9kenys\u00e9get jelenhelyzetben v\u00e9d\u0151felszerel\u00e9sben (maszk, gumikeszty\u0171) l\u00e1tjuk el, amelyek n\u00e9lk\u00fcl\u00f6zhetetlenek az ell\u00e1tott \u00e9s a gondoz\u00f3n\u0151 szem\u00e9lyi biztons\u00e1ga \u00e9rdek\u00e9ben.<\/li>\n<li>A bev\u00e1s\u00e1rl\u00e1sokat, gy\u00f3gyszerkiv\u00e1lt\u00e1sokat, csekkbefizet\u00e9seket t\u00f6mb\u00f6s\u00edtve v\u00e9gezz\u00fck.<\/li>\n<\/ul>\n<p style=\"text-align: justify;\">Jelz\u0151rendszeres h\u00e1ziseg\u00edts\u00e9gny\u00fajt\u00e1s<\/p>\n<ul style=\"text-align: justify;\">\n<li>Jelz\u00e9s be\u00e9rkez\u00e9s\u00e9t k\u00f6vet\u0151en a gondoz\u00e1si tev\u00e9kenys\u00e9get v\u00e9d\u0151 felszerel\u00e9sben (maszk, gumikeszty\u0171) l\u00e1tjuk el, amelyek n\u00e9lk\u00fcl\u00f6zhetetlenek az ell\u00e1tott \u00e9s a gondoz\u00f3n\u0151 szem\u00e9lyi biztons\u00e1ga \u00e9rdek\u00e9ben.<\/li>\n<\/ul>\n<hr \/>\n<p style=\"text-align: justify;\"><em><strong>Nappali ell\u00e1t\u00e1s<\/strong><\/em><\/p>\n<ul style=\"text-align: justify;\">\n<li>Id\u0151sek klubj\u00e1nak m\u0171k\u00f6d\u00e9se az int\u00e9zm\u00e9ny \u00e9p\u00fclet\u00e9ben teljesen felf\u00fcggeszt\u00e9sre ker\u00fclt!<\/li>\n<li>Az id\u0151sek megfelel\u0151 \u00e9letvitel\u00fck fenntart\u00e1sa \u00e9rdek\u00e9ben biztos\u00edtjuk a bev\u00e1s\u00e1rl\u00e1st, gy\u00f3gyszerkiv\u00e1lt\u00e1st, csekkbefizet\u00e9st.<\/li>\n<li>Ment\u00e1lis t\u00e1mogat\u00e1st, lelki t\u00e1maszt telefonon ny\u00fajtunk!<\/li>\n<\/ul>\n<hr \/>\n<p style=\"text-align: justify;\"><em><strong>T\u00e1mogat\u00f3 szolg\u00e1lat<\/strong><\/em><\/p>\n<p style=\"text-align: justify;\">A k\u00f6znevel\u00e9si rendszer \u00e1t\u00e1ll\u00e1s\u00e1val a sz\u00e1ll\u00edt\u00f3 szolg\u00e1ltat\u00e1s jelent\u0151s r\u00e9sze le\u00e1llt!<\/p>\n<ul style=\"text-align: justify;\">\n<li>A vesz\u00e9lyhelyzet id\u0151tartama alatt ker\u00fclj\u00fck a csoportos sz\u00e1ll\u00edt\u00e1sokat.<\/li>\n<li>A szem\u00e9lyi seg\u00edt\u00e9s eset\u00e9n a h\u00e1zi seg\u00edts\u00e9gny\u00fajt\u00e1s eset\u00e9n le\u00edrtak \u00e9rv\u00e9nyesek v\u00e9d\u0151ruh\u00e1zatban.<\/li>\n<\/ul>\n<hr \/>\n<p style=\"text-align: justify;\"><em><strong>Szoci\u00e1lis \u00e9tkez\u00e9s<\/strong><\/em><\/p>\n<p style=\"text-align: justify;\">Alapszab\u00e1ly, hogy ker\u00fclend\u0151 a csoportos, egy l\u00e9gt\u00e9rben nagy sz\u00e1m\u00fa szem\u00e9ly egy\u00fcttes tart\u00f3zkod\u00e1s\u00e1val j\u00e1r\u00f3 \u00e9tkez\u00e9s.<\/p>\n<ul style=\"text-align: justify;\">\n<li>Az \u00e9tkez\u00e9s biztos\u00edt\u00e1sa kiz\u00e1r\u00f3lag kisz\u00e1ll\u00edt\u00e1ssal t\u00f6rt\u00e9nik.<\/li>\n<li>Az \u00e9tel kisz\u00e1ll\u00edt\u00e1s nem j\u00e1r jelent\u0151s fert\u0151z\u00e9si kock\u00e1zattal, m\u00e9g karant\u00e9nba ker\u00fclt szem\u00e9lyn\u00e9l is lehets\u00e9ges megfelel\u0151 \u00f3vint\u00e9zked\u00e9sek betart\u00e1s\u00e1val.<\/li>\n<\/ul>\n<hr \/>\n<p style=\"text-align: justify;\"><em><strong>Falu-tanyagondnoki szolg\u00e1ltat\u00e1s<\/strong><\/em><\/p>\n<ul style=\"text-align: justify;\">\n<li>a vesz\u00e9lyhelyzet id\u0151tartama alatt ker\u00fclj\u00fck a csoportos sz\u00e1ll\u00edt\u00e1sokat!<\/li>\n<li>az id\u0151sekkel val\u00f3 kapcsolattart\u00e1s a megfelel\u0151 \u00f3vint\u00e9zked\u00e9sek betart\u00e1s\u00e1val val\u00f3sul meg (bev\u00e1s\u00e1rl\u00e1s, gy\u00f3gyszerkiv\u00e1lt\u00e1s).<\/li>\n<\/ul>\n<p style=\"text-align: justify;\">A Korm\u00e1ny a 40\/2020. (III.11.) Korm. rendelet\u00e9vel az \u00e9let- \u00e9s vagyonbiztons\u00e1got vesz\u00e9lyeztet\u0151 t\u00f6meges megbeteged\u00e9st okoz\u00f3 hum\u00e1nj\u00e1rv\u00e1ny k\u00f6vetkezm\u00e9nyeinek elh\u00e1r\u00edt\u00e1sa a magyar \u00e1llampolg\u00e1rok eg\u00e9szs\u00e9g\u00e9nek \u00e9s \u00e9let\u00e9nek meg\u00f3v\u00e1sa \u00e9rdek\u00e9ben Magyarorsz\u00e1g eg\u00e9sz ter\u00fclet\u00e9re vesz\u00e9lyhelyzetet hirdetett ki.<\/p>\n<p>&nbsp;<\/p>\n<p>Az int\u00e9zm\u00e9ny dolgoz\u00f3i k\u00edv\u00e1nnak hitet, t\u00fcrelmet, kitart\u00e1st!<\/p>\n<p>Vigy\u00e1zzunk egym\u00e1sra!<\/p>\n<p>&nbsp;<\/p>\n<\/div><\/div>\n","protected":false},"excerpt":{"rendered":"","protected":false},"author":1,"featured_media":20299,"comment_status":"open","ping_status":"open","sticky":false,"template":"","format":"standard","meta":{"footnotes":""},"categories":[83,79,52,39,82,68],"tags":[],"class_list":["post-20301","post","type-post","status-publish","format-standard","has-post-thumbnail","hentry","category-csalad-es-gyermekjoleti","category-gyors-hirek","category-hirdetmenyek","category-hirek","category-koronavirus","category-lakossagi-tajekoztato"],"_links":{"self":[{"href":"https:\/\/hajdusamson.hu\/index.php?rest_route=\/wp\/v2\/posts\/20301","targetHints":{"allow":["GET"]}}],"collection":[{"href":"https:\/\/hajdusamson.hu\/index.php?rest_route=\/wp\/v2\/posts"}],"about":[{"href":"https:\/\/hajdusamson.hu\/index.php?rest_route=\/wp\/v2\/types\/post"}],"author":[{"embeddable":true,"href":"https:\/\/hajdusamson.hu\/index.php?rest_route=\/wp\/v2\/users\/1"}],"replies":[{"embeddable":true,"href":"https:\/\/hajdusamson.hu\/index.php?rest_route=%2Fwp%2Fv2%2Fcomments&post=20301"}],"version-history":[{"count":3,"href":"https:\/\/hajdusamson.hu\/index.php?rest_route=\/wp\/v2\/posts\/20301\/revisions"}],"predecessor-version":[{"id":20442,"href":"https:\/\/hajdusamson.hu\/index.php?rest_route=\/wp\/v2\/posts\/20301\/revisions\/20442"}],"wp:featuredmedia":[{"embeddable":true,"href":"https:\/\/hajdusamson.hu\/index.php?rest_route=\/wp\/v2\/media\/20299"}],"wp:attachment":[{"href":"https:\/\/hajdusamson.hu\/index.php?rest_route=%2Fwp%2Fv2%2Fmedia&parent=20301"}],"wp:term":[{"taxonomy":"category","embeddable":true,"href":"https:\/\/hajdusamson.hu\/index.php?rest_route=%2Fwp%2Fv2%2Fcategories&post=20301"},{"taxonomy":"post_tag","embeddable":true,"href":"https:\/\/hajdusamson.hu\/index.php?rest_route=%2Fwp%2Fv2%2Ftags&post=20301"}],"curies":[{"name":"wp","href":"https:\/\/api.w.org\/{rel}","templated":true}]}}