{"id":20437,"date":"2020-04-07T19:15:11","date_gmt":"2020-04-07T18:15:11","guid":{"rendered":"http:\/\/hajdusamson.hu\/?p=20437"},"modified":"2020-04-29T10:34:30","modified_gmt":"2020-04-29T09:34:30","slug":"hajdusamson-varos-onkormanyzata-polgarmesterenek-4-2020-iv-07-utasitasa","status":"publish","type":"post","link":"https:\/\/hajdusamson.hu\/?p=20437","title":{"rendered":"Hajd\u00fas\u00e1mson V\u00e1ros \u00d6nkorm\u00e1nyzata Polg\u00e1rmester\u00e9nek  4\/2020. (IV. 07.) utas\u00edt\u00e1sa"},"content":{"rendered":"<p style=\"text-align: justify;\"><a href=\"https:\/\/hajdusamson.hu\/wp-content\/uploads\/2020\/04\/polg\u00e1rmesteri-utas\u00edt\u00e1s4.png\"><img loading=\"lazy\" decoding=\"async\" class=\"nodisp aligncenter wp-image-20438 size-full\" src=\"https:\/\/hajdusamson.hu\/wp-content\/uploads\/2020\/04\/polg\u00e1rmesteri-utas\u00edt\u00e1s4.png\" alt=\"\" width=\"781\" height=\"380\" srcset=\"https:\/\/hajdusamson.hu\/wp-content\/uploads\/2020\/04\/polg\u00e1rmesteri-utas\u00edt\u00e1s4.png 781w, https:\/\/hajdusamson.hu\/wp-content\/uploads\/2020\/04\/polg\u00e1rmesteri-utas\u00edt\u00e1s4-300x146.png 300w, https:\/\/hajdusamson.hu\/wp-content\/uploads\/2020\/04\/polg\u00e1rmesteri-utas\u00edt\u00e1s4-768x374.png 768w, https:\/\/hajdusamson.hu\/wp-content\/uploads\/2020\/04\/polg\u00e1rmesteri-utas\u00edt\u00e1s4-320x156.png 320w, https:\/\/hajdusamson.hu\/wp-content\/uploads\/2020\/04\/polg\u00e1rmesteri-utas\u00edt\u00e1s4-460x224.png 460w, https:\/\/hajdusamson.hu\/wp-content\/uploads\/2020\/04\/polg\u00e1rmesteri-utas\u00edt\u00e1s4-700x340.png 700w\" sizes=\"auto, (max-width: 781px) 100vw, 781px\" \/><\/a><\/p>\n<p style=\"text-align: justify;\"><div class=\"fusion-fullwidth fullwidth-box\" style=\"background-color:#ffffff;background-attachment:scroll;background-position:left top;background-repeat:no-repeat;-webkit-background-size:cover;-moz-background-size:cover;-o-background-size:cover;background-size:cover;border-color:#eae9e9;border-bottom-width: 0px;border-top-width: 0px;border-bottom-style: solid;border-top-style: solid;padding-bottom:20px;padding-left:20px;padding-right:20px;padding-top:20px;\"><div class=\"avada-row\">\n<p style=\"text-align: center;\"><strong>Hajd\u00fas\u00e1mson V\u00e1ros \u00d6nkorm\u00e1nyzata Polg\u00e1rmester\u00e9nek <\/strong><\/p>\n<p style=\"text-align: center;\"><strong>4\/2020. (IV. 07.) utas\u00edt\u00e1sa<\/strong><\/p>\n<p style=\"text-align: center;\"><strong>a koronav\u00edrus fert\u0151z\u00e9s terjed\u00e9s\u00e9nek megel\u0151z\u00e9s\u00e9vel kapcsolatos helyi int\u00e9zked\u00e9sek meghat\u00e1roz\u00e1s\u00e1r\u00f3l (IV.)<\/strong><\/p>\n<p style=\"text-align: center;\"><strong>\u00a0<\/strong><\/p>\n<p style=\"text-align: center;\"><strong>\u00a0<\/strong>Hajd\u00fas\u00e1mson, 2020. \u00e1prilis 7.<\/p>\n<p style=\"text-align: justify;\">A jogalkot\u00e1sr\u00f3l sz\u00f3l\u00f3 2010. \u00e9vi CXXX. t\u00f6rv\u00e9ny 23. \u00a7 (4) bekezd\u00e9s j) pontja rendelkez\u00e9seire figyelemmel, az eg\u00e9szs\u00e9g \u00e9s \u00e9let meg\u00f3v\u00e1sa, valamint a nemzetgazdas\u00e1g helyre\u00e1ll\u00edt\u00e1sa \u00e9rdek\u00e9ben elrendelt vesz\u00e9lyhelyzettel kapcsolatos rendk\u00edv\u00fcli int\u00e9zked\u00e9sekr\u0151l sz\u00f3l\u00f3 81\/2020. (IV. 1.) Korm. rendelet 6. \u00a7 (4) bekezd\u00e9se alapj\u00e1n, az Eszterl\u00e1nc \u00d3voda vezet\u0151j\u00e9nek, a Ny\u00edradonyi Szoci\u00e1lis- \u00e9s Gyermekj\u00f3l\u00e9ti Szolg\u00e1ltat\u00e1si K\u00f6zpont vezet\u0151j\u00e9nek, a Hajd\u00fas\u00e1msoni B\u00f6lcs\u0151de vezet\u0151j\u00e9nek \u00e9s az \u00f6nkorm\u00e1nyzat jegyz\u0151j\u00e9nek a v\u00e9lem\u00e9nye kik\u00e9r\u00e9s\u00e9vel \u00e9s j\u00f3v\u00e1hagy\u00e1s\u00e1val, figyelemmel a Koronav\u00edrus-j\u00e1rv\u00e1ny Elleni V\u00e9dekez\u00e9s\u00e9rt Felel\u0151s Operat\u00edv T\u00f6rzs aj\u00e1nl\u00e1saira, valamint a koronav\u00edrus elleni v\u00e9dekez\u00e9sr\u0151l sz\u00f3l\u00f3 2020. \u00e9vi XII. t\u00f6rv\u00e9ny, a vesz\u00e9lyhelyzet kihirdet\u00e9s\u00e9r\u0151l sz\u00f3l\u00f3 40\/2020. (III. 11.) Korm. rendelet, \u00e9s az ezen Korm. rendelethez kapcsol\u00f3d\u00f3 tov\u00e1bbi Korm. rendeletek el\u0151\u00edr\u00e1saira, az \u00faj koronav\u00edrus j\u00e1rv\u00e1ny terjed\u00e9s\u00e9nek megel\u0151z\u00e9se \u00e9s Hajd\u00fas\u00e1mson V\u00e1ros Lakoss\u00e1g\u00e1nak v\u00e9delme \u00e9rdek\u00e9ben a k\u00f6vetkez\u0151 \u2013 a koronav\u00edrus fert\u0151z\u00e9s terjed\u00e9s\u00e9nek megel\u0151z\u00e9s\u00e9vel kapcsolatos helyi int\u00e9zked\u00e9sek meghat\u00e1roz\u00e1s\u00e1r\u00f3l sz\u00f3l\u00f3 \u2013 utas\u00edt\u00e1st adom ki \u00e9s a k\u00f6vetkez\u0151 int\u00e9zked\u00e9seket hat\u00e1rozom meg:<\/p>\n<p style=\"text-align: justify;\"><strong>\u00a0<\/strong><\/p>\n<p style=\"text-align: center;\"><strong>Az utas\u00edt\u00e1s hat\u00e1lya <\/strong><\/p>\n<ol style=\"text-align: justify;\">\n<li>\u00a7 Az Utas\u00edt\u00e1s hat\u00e1lya kiterjed Hajd\u00fas\u00e1mson V\u00e1ros \u00d6nkorm\u00e1nyzat\u00e1ra \u00e9s alkalmazottaira, az \u00f6nkorm\u00e1nyzat \u00e1ltal fenntartott int\u00e9zm\u00e9nyekre, az int\u00e9zm\u00e9nyek alkalmazottaira, a Hajd\u00fas\u00e1msoni B\u00f6lcs\u0151d\u00e9re, \u00d3vod\u00e1ra, a Hajd\u00fas\u00e1msoni Polg\u00e1rmesteri Hivatal valamennyi szervezeti egys\u00e9g\u00e9re, a Hivatal vezet\u0151j\u00e9re, az ott kinevezett valamennyi k\u00f6ztisztvisel\u0151re \u00e9s munkav\u00e1llal\u00f3ra, tov\u00e1bb\u00e1 k\u00f6zfoglalkoztat\u00e1sban r\u00e9szt vev\u0151 munkav\u00e1llal\u00f3ra. Az int\u00e9zm\u00e9nyek vezet\u0151i tov\u00e1bbi (szigor\u00edt\u00f3) rendelkez\u00e9seket is meg\u00e1llap\u00edthatnak.<\/li>\n<\/ol>\n<ol style=\"text-align: justify;\" start=\"2\">\n<li>\u00a7 A Szab\u00e1lyzat rendelkez\u00e9seit k\u00fcl\u00f6n\u00f6sen<\/li>\n<\/ol>\n<ul style=\"text-align: justify;\">\n<li style=\"list-style-type: none;\">\n<ul>\n<li>az Alapt\u00f6rv\u00e9ny cikk\u00e9vel,<\/li>\n<li>a katasztr\u00f3fav\u00e9delemr\u0151l \u00e9s a hozz\u00e1 kapcsol\u00f3d\u00f3 egyes t\u00f6rv\u00e9nyek m\u00f3dos\u00edt\u00e1s\u00e1r\u00f3l sz\u00f3l\u00f3 \u00e9vi CXXVIII. t\u00f6rv\u00e9ny,<\/li>\n<li>a koronav\u00edrus elleni v\u00e9dekez\u00e9sr\u0151l sz\u00f3l\u00f3 2020. \u00e9vi XII. t\u00f6rv\u00e9ny,<\/li>\n<li>a vesz\u00e9lyhelyzet kihirdet\u00e9s\u00e9r\u0151l sz\u00f3l\u00f3 40\/2020. (III. 11.) Korm. rendelet (Korm. rendelet 1.),<\/li>\n<li>az eg\u00e9szs\u00e9g \u00e9s \u00e9let meg\u00f3v\u00e1sa, valamint a nemzetgazdas\u00e1g helyre\u00e1ll\u00edt\u00e1sa \u00e9rdek\u00e9ben elrendelt vesz\u00e9lyhelyzettel kapcsolatos rendk\u00edv\u00fcli int\u00e9zked\u00e9sekr\u0151l sz\u00f3l\u00f3 81\/2020. (IV. 1.) Korm. rendelet (Korm. rendelet 2.), tov\u00e1bb\u00e1<\/li>\n<li>a jelen, kihirdetett vesz\u00e9lyhelyzethez kapcsol\u00f3d\u00f3an megalkotott Korm. rendeletek rendelkez\u00e9seivel \u00f6sszhangban kell alkalmazni.<\/li>\n<\/ul>\n<\/li>\n<\/ul>\n<p style=\"text-align: center;\"><strong>Az Eszterl\u00e1nc \u00d3voda m\u0171k\u00f6d\u00e9s\u00e9re vonatkoz\u00f3 rendelkez\u00e9sek<\/strong><\/p>\n<ol style=\"text-align: justify;\" start=\"3\">\n<li>\u00a7 (1) A hajd\u00fas\u00e1msoni Eszterl\u00e1nc \u00d3voda vezet\u0151j\u00e9nek egyet\u00e9rt\u00e9s\u00e9vel, a Korm. rendelet 2. 6. \u00a7 (4) bekezd\u00e9se felhatalmaz\u00e1sa alapj\u00e1n, az Eszterl\u00e1nc \u00d3vod\u00e1ban \u00fcgyeleti nyitva tart\u00e1st rendelek el a k\u00f6vetkez\u0151k szerint,<\/li>\n<\/ol>\n<p style=\"padding-left: 80px; text-align: justify;\">a) Az \u00f3vod\u00e1ban <strong> \u00e1prilis 20.<\/strong> napj\u00e1t\u00f3l \u00fcgyeleti rend szerint t\u00f6rt\u00e9nik az \u00f3vodai nevel\u00e9si feladatok ell\u00e1t\u00e1sa.<\/p>\n<p style=\"padding-left: 80px; text-align: justify;\">b) Az \u00f3vodai \u00fcgyeletet kiz\u00e1r\u00f3lag azok a sz\u00fcl\u00f6k, t\u00f6rv\u00e9nyes k\u00e9pvisel\u0151k vehetik ig\u00e9nybe gyermekeik r\u00e9sz\u00e9re, akik munk\u00e1ba j\u00e1rnak \u00e9s ennek t\u00e9ny\u00e9t munk\u00e1ltat\u00f3i igazol\u00e1ssal egy\u00e9rtelm\u0171en igazolj\u00e1k az \u00f3voda r\u00e9sz\u00e9re.<\/p>\n<p style=\"padding-left: 80px; text-align: justify;\">c) Az \u00f3vod\u00e1ban az \u00fcgyeleti rend szerinti feladatell\u00e1t\u00e1st \u00fagy kell megszervezni, hogy egy \u00f3vodai csoportban legfeljebb 5 gyermek tart\u00f3zkodhat.<\/p>\n<p style=\"padding-left: 80px; text-align: justify;\">d) A rendk\u00edv\u00fcli vesz\u00e9lyhelyzetre tekintettel az \u00f3voda \u00e9p\u00fclet\u00e9ben a sz\u00fcl\u0151k nem tart\u00f3zkodhatnak. A gyerekeket reggel a dajk\u00e1k, vagy az \u00f3vodapedag\u00f3gusok k\u00eds\u00e9rik be a csoportokba, miut\u00e1n az \u00f3voda bej\u00e1rati ajtaj\u00e1ban a sz\u00fcl\u0151kt\u0151l elb\u00facs\u00faztak.<\/p>\n<p style=\"padding-left: 80px; text-align: justify;\">e) D\u00e9lut\u00e1n, a sz\u00fcl\u0151k meg\u00e9rkez\u00e9se ut\u00e1n a gyerekeket a dajk\u00e1k, vagy az \u00f3vodapedag\u00f3gusok k\u00eds\u00e9rik fel\u00f6lt\u00f6ztetve az int\u00e9zm\u00e9ny bej\u00e1rat\u00e1hoz.<\/p>\n<p style=\"padding-left: 80px; text-align: justify;\">f) Amennyiben az \u00f3vod\u00e1s gyermek, vagy az \u00f3vod\u00e1s gyermekkel egy h\u00e1ztart\u00e1sban \u00e9l\u0151 szem\u00e9lyek k\u00f6h\u00f6g\u00e9s, l\u00e1z vagy neh\u00e9zl\u00e9gz\u00e9s t\u00fcnetekkel rendelkeznek, az int\u00e9zm\u00e9ny a gyermeket nem fogadja.<\/p>\n<p style=\"padding-left: 80px; text-align: justify;\">g) Amennyiben az \u00f3vod\u00e1s gyermekkel k\u00f6z\u00f6s h\u00e1ztart\u00e1sban \u00e9l\u0151 szem\u00e9ly a Debreceni J\u00e1r\u00e1si Hivatal \u00e1ltal hat\u00f3s\u00e1gilag elrendelt j\u00e1rv\u00e1ny\u00fcgyi megfigyel\u00e9s, elk\u00fcl\u00f6n\u00edt\u00e9s alatt van, az int\u00e9zm\u00e9ny a gyermeket nem fogadja.<\/p>\n<p style=\"padding-left: 40px; text-align: justify;\">(2) Az \u00f3voda alkalmazottainak az int\u00e9zm\u00e9ny l\u00e1togat\u00e1sa megengedett. Elrendelem tov\u00e1bb\u00e1 a feladatell\u00e1t\u00e1sra szolg\u00e1l\u00f3 \u00e9p\u00fcletek napi szint\u0171 fert\u0151tlen\u00edt\u00e9s\u00e9t \u00e9s takar\u00edt\u00e1s\u00e1t.<\/p>\n<p style=\"padding-left: 40px; text-align: justify;\">(3) Jelen polg\u00e1rmesteri utas\u00edt\u00e1s hat\u00e1lyba l\u00e9p\u00e9s\u00e9vel hat\u00e1ly\u00e1t veszti a koronav\u00edrus fert\u0151z\u00e9s terjed\u00e9s\u00e9nek megel\u0151z\u00e9s\u00e9vel kapcsolatos helyi int\u00e9zked\u00e9sek meghat\u00e1roz\u00e1s\u00e1r\u00f3l sz\u00f3l\u00f3 1\/2020. (III. 15.) polg\u00e1rmesteri utas\u00edt\u00e1s 4. \u00a7 (1) bekezd\u00e9se.<\/p>\n<p style=\"text-align: center;\"><strong>A Hajd\u00fas\u00e1msoni B\u00f6lcs\u0151de m\u0171k\u00f6d\u00e9s\u00e9re vonatkoz\u00f3 rendelkez\u00e9sek<\/strong><\/p>\n<ol style=\"text-align: justify;\" start=\"4\">\n<li>\u00a7 (1) A Ny\u00edradonyi Szoci\u00e1lis- \u00e9s Gyermekj\u00f3l\u00e9ti Szolg\u00e1ltat\u00e1si K\u00f6zpont vezet\u0151j\u00e9nek, tov\u00e1bb\u00e1 a Hajd\u00fas\u00e1msoni B\u00f6lcs\u0151de vezet\u0151j\u00e9nek az egyet\u00e9rt\u00e9s\u00e9vel, a Korm. rendelet 2. 6. \u00a7 (4) bekezd\u00e9se felhatalmaz\u00e1sa alapj\u00e1n, a Ny\u00edradonyi\u00a0Szoci\u00e1lis \u00e9s Gyermekj\u00f3l\u00e9ti Szolg\u00e1ltat\u00e1si K\u00f6zpont 2. sz. B\u00f6lcs\u0151d\u00e9j\u00e9ben \u00fcgyeleti nyitva tart\u00e1st rendelek el a k\u00f6vetkez\u0151k szerint.<\/li>\n<\/ol>\n<p style=\"padding-left: 80px; text-align: justify;\">a) A b\u00f6lcs\u0151d\u00e9ben <strong> \u00e1prilis 20.<\/strong> napj\u00e1t\u00f3l \u00fcgyeleti rend szerint t\u00f6rt\u00e9nik a b\u00f6lcs\u0151dei nevel\u00e9si feladatok ell\u00e1t\u00e1sa.<\/p>\n<p style=\"padding-left: 80px; text-align: justify;\">b) A b\u00f6lcs\u0151dei \u00fcgyeletet kiz\u00e1r\u00f3lag azok a sz\u00fcl\u00f6k, t\u00f6rv\u00e9nyes k\u00e9pvisel\u0151k vehetik ig\u00e9nybe gyermekeik r\u00e9sz\u00e9re, akik munk\u00e1ba j\u00e1rnak \u00e9s ennek t\u00e9ny\u00e9t munk\u00e1ltat\u00f3i igazol\u00e1ssal egy\u00e9rtelm\u0171en igazolj\u00e1k a b\u00f6lcs\u0151de r\u00e9sz\u00e9re.<\/p>\n<p style=\"padding-left: 80px; text-align: justify;\">c) A b\u00f6lcs\u0151d\u00e9ben az \u00fcgyeleti rend szerinti feladatell\u00e1t\u00e1st \u00fagy kell megszervezni, hogy egy b\u00f6lcs\u0151dei csoportban legfeljebb 5 gyermek tart\u00f3zkodhat.<\/p>\n<p style=\"padding-left: 80px; text-align: justify;\">d) A rendk\u00edv\u00fcli vesz\u00e9lyhelyzetre tekintettel a b\u00f6lcs\u0151de \u00e9p\u00fclet\u00e9ben a sz\u00fcl\u0151k kiz\u00e1r\u00f3lag az \u00f6lt\u00f6z\u0151 helyis\u00e9gben tart\u00f3zkodhatnak, azzal, hogy az ott tart\u00f3zkod\u00f3, k\u00fcl\u00f6n h\u00e1ztart\u00e1sban \u00e9l\u0151 szem\u00e9lyeknek egym\u00e1st\u00f3l 1,5 m\u00e9teres t\u00e1vols\u00e1got kell tartaniuk, tov\u00e1bb\u00e1 amennyiben lehets\u00e9ges, a b\u00f6lcs\u0151dei \u00f6lt\u00f6z\u0151 helyis\u00e9gben legfeljebb 4 f\u0151 tart\u00f3zkodhat.<\/p>\n<p style=\"padding-left: 80px; text-align: justify;\">e) Amennyiben a b\u00f6lcs\u0151d\u00e9s gyermek, vagy a b\u00f6lcs\u0151d\u00e9s gyermekkel egy h\u00e1ztart\u00e1sban \u00e9l\u0151 szem\u00e9lyek k\u00f6h\u00f6g\u00e9s, l\u00e1z vagy neh\u00e9zl\u00e9gz\u00e9s t\u00fcnetekkel rendelkeznek, az int\u00e9zm\u00e9ny a gyermeket nem fogadja.<\/p>\n<p style=\"padding-left: 80px; text-align: justify;\">f) Amennyiben a b\u00f6lcs\u0151d\u00e9s gyermekkel k\u00f6z\u00f6s h\u00e1ztart\u00e1sban \u00e9l\u0151 szem\u00e9ly a Debreceni J\u00e1r\u00e1si Hivatal \u00e1ltal hat\u00f3s\u00e1gilag elrendelt j\u00e1rv\u00e1ny\u00fcgyi megfigyel\u00e9s, elk\u00fcl\u00f6n\u00edt\u00e9s alatt van, az int\u00e9zm\u00e9ny a gyermeket nem fogadja.<\/p>\n<p style=\"padding-left: 40px; text-align: justify;\">(2) A b\u00f6lcs\u0151de alkalmazottainak az int\u00e9zm\u00e9ny l\u00e1togat\u00e1sa megengedett. Az esetlegesen sz\u00fcks\u00e9ges hum\u00e1npolitikai d\u00f6nt\u00e9sek meghozatala a Szolg\u00e1ltat\u00e1si K\u00f6zpont hat\u00e1sk\u00f6re. Elrendelem tov\u00e1bb\u00e1 a feladatell\u00e1t\u00e1sra szolg\u00e1l\u00f3 \u00e9p\u00fcletek napi szint\u0171 fert\u0151tlen\u00edt\u00e9s\u00e9t \u00e9s takar\u00edt\u00e1s\u00e1t.<\/p>\n<p style=\"padding-left: 40px; text-align: justify;\">(3) Jelen polg\u00e1rmesteri utas\u00edt\u00e1s hat\u00e1lyba l\u00e9p\u00e9s\u00e9vel hat\u00e1ly\u00e1t veszti a koronav\u00edrus fert\u0151z\u00e9s terjed\u00e9s\u00e9nek megel\u0151z\u00e9s\u00e9vel kapcsolatos helyi int\u00e9zked\u00e9sek meghat\u00e1roz\u00e1s\u00e1r\u00f3l sz\u00f3l\u00f3 1\/2020. (III. 15.) polg\u00e1rmesteri utas\u00edt\u00e1s 5. \u00a7-a.<\/p>\n<p style=\"text-align: center;\"><strong>Hajd\u00fas\u00e1mson V\u00e1rosi Seg\u00e9lyalap <\/strong><\/p>\n<ol style=\"text-align: justify;\" start=\"5\">\n<li>\u00a7 Elrendelem, hogy azon hajd\u00fas\u00e1msoni lakosok \u2013 rendk\u00edv\u00fcli telep\u00fcl\u00e9si t\u00e1mogat\u00e1s form\u00e1j\u00e1ban t\u00f6rt\u00e9n\u0151 \u2013 megseg\u00edt\u00e9se \u00e9rdek\u00e9ben, akiknek a foglalkoztat\u00e1sra ir\u00e1nyul\u00f3 jogviszonya a vesz\u00e9lyhelyzet kihirdet\u00e9s\u00e9r\u0151l sz\u00f3l\u00f3 40\/2020. (III. 11.) Korm. rendelet hat\u00e1lybal\u00e9p\u00e9s\u00e9t, azaz 2020. m\u00e1rcius 11. napj\u00e1t k\u00f6vet\u0151en igazoltan megsz\u0171nt, mag\u00e1nszf\u00e9r\u00e1b\u00f3l \u00e9rkez\u0151 adom\u00e1nyokb\u00f3l \u00e1ll\u00f3 Hajd\u00fas\u00e1mson V\u00e1rosi Seg\u00e9lyalap ker\u00fclj\u00f6n l\u00e9trehoz\u00e1sra.<\/li>\n<\/ol>\n<p style=\"text-align: center;\"><strong>Z\u00e1r\u00f3 rendelkez\u00e9sek<\/strong><\/p>\n<ol style=\"text-align: justify;\" start=\"6\">\n<li>\u00a7 Jelen Utas\u00edt\u00e1s <strong>2020. \u00e1prilis 7. napj\u00e1n 15.00 \u00f3rakor<\/strong> l\u00e9p hat\u00e1lyba \u00e9s annak visszavon\u00e1s\u00e1ig tart.<\/li>\n<\/ol>\n<p style=\"text-align: justify;\"><strong>Hajd\u00fas\u00e1mson, 2020. \u00e1prilis 7. <\/strong><\/p>\n<p style=\"text-align: justify;\"><strong>\u00a0<\/strong><\/p>\n<p style=\"text-align: right;\"><strong>Antal Szabolcs<br \/>\n<\/strong><strong>polg\u00e1rmester<\/strong><\/p>\n<p style=\"text-align: justify;\"><\/div><\/div>\n","protected":false},"excerpt":{"rendered":"","protected":false},"author":1,"featured_media":20438,"comment_status":"open","ping_status":"open","sticky":false,"template":"","format":"standard","meta":{"footnotes":""},"categories":[77,69,52,39,76,82,40],"tags":[],"class_list":["post-20437","post","type-post","status-publish","format-standard","has-post-thumbnail","hentry","category-bolcsode","category-hirdetmenyek-hirdetmenyek","category-hirdetmenyek","category-hirek","category-intezmenyeink-hirei","category-koronavirus","category-ovoda"],"_links":{"self":[{"href":"https:\/\/hajdusamson.hu\/index.php?rest_route=\/wp\/v2\/posts\/20437","targetHints":{"allow":["GET"]}}],"collection":[{"href":"https:\/\/hajdusamson.hu\/index.php?rest_route=\/wp\/v2\/posts"}],"about":[{"href":"https:\/\/hajdusamson.hu\/index.php?rest_route=\/wp\/v2\/types\/post"}],"author":[{"embeddable":true,"href":"https:\/\/hajdusamson.hu\/index.php?rest_route=\/wp\/v2\/users\/1"}],"replies":[{"embeddable":true,"href":"https:\/\/hajdusamson.hu\/index.php?rest_route=%2Fwp%2Fv2%2Fcomments&post=20437"}],"version-history":[{"count":4,"href":"https:\/\/hajdusamson.hu\/index.php?rest_route=\/wp\/v2\/posts\/20437\/revisions"}],"predecessor-version":[{"id":20467,"href":"https:\/\/hajdusamson.hu\/index.php?rest_route=\/wp\/v2\/posts\/20437\/revisions\/20467"}],"wp:featuredmedia":[{"embeddable":true,"href":"https:\/\/hajdusamson.hu\/index.php?rest_route=\/wp\/v2\/media\/20438"}],"wp:attachment":[{"href":"https:\/\/hajdusamson.hu\/index.php?rest_route=%2Fwp%2Fv2%2Fmedia&parent=20437"}],"wp:term":[{"taxonomy":"category","embeddable":true,"href":"https:\/\/hajdusamson.hu\/index.php?rest_route=%2Fwp%2Fv2%2Fcategories&post=20437"},{"taxonomy":"post_tag","embeddable":true,"href":"https:\/\/hajdusamson.hu\/index.php?rest_route=%2Fwp%2Fv2%2Ftags&post=20437"}],"curies":[{"name":"wp","href":"https:\/\/api.w.org\/{rel}","templated":true}]}}