{"id":20564,"date":"2020-05-25T15:16:36","date_gmt":"2020-05-25T14:16:36","guid":{"rendered":"http:\/\/hajdusamson.hu\/?p=20564"},"modified":"2020-05-25T15:16:43","modified_gmt":"2020-05-25T14:16:43","slug":"videopalyazat","status":"publish","type":"post","link":"https:\/\/hajdusamson.hu\/?p=20564","title":{"rendered":"Vide\u00f3p\u00e1ly\u00e1zat"},"content":{"rendered":"<p><a href=\"https:\/\/hajdusamson.hu\/wp-content\/uploads\/2020\/05\/Untitled-1-1.jpg\"><img loading=\"lazy\" decoding=\"async\" class=\"nodisp aligncenter wp-image-20565 size-full\" src=\"https:\/\/hajdusamson.hu\/wp-content\/uploads\/2020\/05\/Untitled-1-1.jpg\" alt=\"\" width=\"781\" height=\"380\" srcset=\"https:\/\/hajdusamson.hu\/wp-content\/uploads\/2020\/05\/Untitled-1-1.jpg 781w, https:\/\/hajdusamson.hu\/wp-content\/uploads\/2020\/05\/Untitled-1-1-300x146.jpg 300w, https:\/\/hajdusamson.hu\/wp-content\/uploads\/2020\/05\/Untitled-1-1-768x374.jpg 768w, https:\/\/hajdusamson.hu\/wp-content\/uploads\/2020\/05\/Untitled-1-1-320x156.jpg 320w, https:\/\/hajdusamson.hu\/wp-content\/uploads\/2020\/05\/Untitled-1-1-460x224.jpg 460w, https:\/\/hajdusamson.hu\/wp-content\/uploads\/2020\/05\/Untitled-1-1-700x340.jpg 700w\" sizes=\"auto, (max-width: 781px) 100vw, 781px\" \/><\/a><\/p>\n<div class=\"fusion-fullwidth fullwidth-box\" style=\"background-color:#ffffff;background-attachment:scroll;background-position:left top;background-repeat:no-repeat;-webkit-background-size:cover;-moz-background-size:cover;-o-background-size:cover;background-size:cover;border-color:#eae9e9;border-bottom-width: 0px;border-top-width: 0px;border-bottom-style: solid;border-top-style: solid;padding-bottom:20px;padding-left:20px;padding-right:20px;padding-top:20px;\"><div class=\"avada-row\">\n<p><a href=\"https:\/\/hajdusamson.hu\/wp-content\/uploads\/2020\/05\/bethlengfj.png\"><img loading=\"lazy\" decoding=\"async\" class=\"aligncenter size-full wp-image-20566\" src=\"https:\/\/hajdusamson.hu\/wp-content\/uploads\/2020\/05\/bethlengfj.png\" alt=\"\" width=\"703\" height=\"101\" srcset=\"https:\/\/hajdusamson.hu\/wp-content\/uploads\/2020\/05\/bethlengfj.png 703w, https:\/\/hajdusamson.hu\/wp-content\/uploads\/2020\/05\/bethlengfj-300x43.png 300w, https:\/\/hajdusamson.hu\/wp-content\/uploads\/2020\/05\/bethlengfj-700x101.png 700w\" sizes=\"auto, (max-width: 703px) 100vw, 703px\" \/><\/a><\/p>\n<p>&nbsp;<\/p>\n<p style=\"text-align: center;\"><em><b>Nemzeti \u00d6sszetartoz\u00e1s Napja \u2013 \u201eMilyen j\u00f3, hogy itt vagyunk\u201d\u00a0<\/b><\/em><strong>c\u00edmmel vide\u00f3p\u00e1ly\u00e1zatot hirdet a Minisztereln\u00f6ks\u00e9g Nemzetpolitikai \u00c1llamtitk\u00e1rs\u00e1ga<\/strong>.<\/p>\n<p style=\"text-align: justify;\"><strong>J\u00fanius 4-e<\/strong>, a\u00a0<strong>nemzeti \u00f6sszetartoz\u00e1s napja<\/strong>\u00a0alkalm\u00e1b\u00f3l, az er\u0151s magyar k\u00f6z\u00f6ss\u00e9gek \u00e9s a nemzeti \u00f6sszetartoz\u00e1s \u00e9ve keret\u00e9ben fiataloknak sz\u00f3l\u00f3 vide\u00f3p\u00e1ly\u00e1zatot hirdet a Minisztereln\u00f6ks\u00e9g Nemzetpolitikai \u00c1llamtitk\u00e1rs\u00e1ga\u00a0<strong>\u201e<em>Milyen j\u00f3, hogy itt vagyunk\u201d<\/em><\/strong>\u00a0c\u00edmmel.<\/p>\n<p style=\"text-align: justify;\">Mes\u00e9lj\u00fck el egy\u00fctt, milyen j\u00f3, hogy itt vagyunk \u2013 100 \u00e9v ut\u00e1n is a K\u00e1rp\u00e1t-medenc\u00e9ben \u00e9s a nagyvil\u00e1gon! Ezzel a gondolattal, az Ismer\u0151s Arcok N\u00e9lk\u00fcled c\u00edm\u0171 dal\u00e1nak, az \u00f6sszmagyars\u00e1g \u201enem hivatalos himnusz\u00e1nak\u201d k\u00f6zismert sor\u00e1val fordulunk a magyar fiatalokhoz szerte a vil\u00e1gon. K\u00e9rdezz\u00e9tek meg sz\u00fcleiteket, nagysz\u00fcleiteket, mondj\u00e1tok el bar\u00e1taitokkal, a szomsz\u00e9d n\u00e9nivel, az oszt\u00e1lyf\u0151n\u00f6kkel vagy b\u00e1rkivel, mit jelent Nektek a nemzeti \u00f6sszetartoz\u00e1s!<\/p>\n<p style=\"text-align: justify;\">A p\u00e1ly\u00e1zatra 10-25 \u00e9v k\u00f6z\u00f6tti k\u00fclhoni \u00e9s anyaorsz\u00e1gi fiatalok jelentkezhetnek olyan, telefonnal vagy ak\u00e1r kamer\u00e1val k\u00e9sz\u00fclt alkot\u00e1ssal (kisfilmmel vagy vide\u00f3\u00fczenettel), amelyben bemutatj\u00e1k, mit jelent sz\u00e1mukra az \u00f6sszetartoz\u00e1s.<\/p>\n<p style=\"text-align: justify;\"><strong>A p\u00e1lyamunk\u00e1kat k\u00e9t kateg\u00f3ri\u00e1ban v\u00e1rjuk:<\/strong><\/p>\n<p style=\"text-align: justify;\">1.\u00a0\u00a0\u00a0\u00a0\u00a0\u00a0vide\u00f3\u00fczenet;<\/p>\n<p style=\"text-align: justify;\">2.\u00a0\u00a0\u00a0\u00a0\u00a0\u00a0kisfilm.<\/p>\n<p style=\"text-align: justify;\">A fiatalok h\u00e1rom korcsoportban jelentkezhetnek: 10-14 \u00e9vesek, 15-18 \u00e9vesek, 19-25 \u00e9vesek koroszt\u00e1lya. Az alkot\u00e1sok hossza minimum 15 m\u00e1sodperc, maximum 5 perc lehet.<\/p>\n<p style=\"text-align: justify;\">Az elk\u00e9sz\u00fclt anyagokat az\u00a0<a href=\"mailto:osszetartozunk@hatartalanul.net\">osszetartozunk@hatartalanul.net<\/a>\u00a0c\u00edmre kell elk\u00fcldeni\u00a0b\u00e1rmilyen f\u00e1jlk\u00fcld\u0151 rendszeren kereszt\u00fcl, a k\u00f6vetkez\u0151 adatok felt\u00fcntet\u00e9s\u00e9vel: az alkot\u00f3 neve, \u00e9letkora, az alkot\u00e1s c\u00edme (ha van), a k\u00e9sz\u00edt\u0151 el\u00e9rhet\u0151s\u00e9ge, a r\u00f6gz\u00edt\u00e9shez haszn\u00e1lt eszk\u00f6z t\u00edpusa. Jelentkez\u00e9si\u00a0hat\u00e1rid\u0151:\u00a0<strong>2020. m\u00e1jus 25.<\/strong>, \u00e9jf\u00e9l.<\/p>\n<p style=\"text-align: justify;\">A p\u00e1lyamunk\u00e1kat nemcsak a K\u00e1rp\u00e1t-medenc\u00e9b\u0151l, hanem a diaszp\u00f3r\u00e1b\u00f3l is v\u00e1rjuk!<\/p>\n<p style=\"text-align: justify;\">A legjobb alkot\u00e1s mindh\u00e1rom korcsoportban 300 000 Ft \u00f6sszeg\u0171 p\u00e9nzjutalomban r\u00e9szes\u00fcl, valamint \u00e9rt\u00e9kes k\u00fcl\u00f6nd\u00edjakkal jutalmazzuk a nemzeti \u00f6sszetartoz\u00e1s \u00fczenet\u00e9t legjobban, legkreat\u00edvabban kifejez\u0151 alkot\u00e1sokat.<\/p>\n<p style=\"text-align: justify;\">A legsz\u00ednvonalasabb\u00a0p\u00e1lyam\u0171veket\u00a0<strong>2020. j\u00fanius 4-\u00e9n,<\/strong>\u00a0a nemzeti\u00a0\u00f6sszetartoz\u00e1s napj\u00e1n a nagyk\u00f6z\u00f6ns\u00e9gnek is bemutatjuk.<\/p>\n<p style=\"text-align: justify;\">A p\u00e1ly\u00e1zat c\u00e9lja, hogy megeml\u00e9kezz\u00fcnk a trianoni b\u00e9kedikt\u00e1tum sz\u00e1zadik \u00e9vfordul\u00f3j\u00e1r\u00f3l, \u00e9s a j\u00e1rv\u00e1ny\u00fcgyi helyzet miatt szinte mindenhol elmarad\u00f3 j\u00fanius 4-i megeml\u00e9kez\u00e9sek helyett a virtu\u00e1lis t\u00e9rben er\u0151s\u00edts\u00fck a vil\u00e1g magyars\u00e1g\u00e1nak hat\u00e1rokon \u00e1t\u00edvel\u0151 \u00f6sszetartoz\u00e1s\u00e1t.<\/p>\n<p style=\"text-align: justify;\"><strong>Tisztelettel,<\/strong><\/p>\n<p style=\"text-align: justify;\">Bethlen G\u00e1bor Alapkezel\u0151 Zrt.<\/p>\n<p><a href=\"https:\/\/hajdusamson.hu\/wp-content\/uploads\/2020\/05\/lablec_bga.png\"><img loading=\"lazy\" decoding=\"async\" class=\"aligncenter size-full wp-image-20567\" src=\"https:\/\/hajdusamson.hu\/wp-content\/uploads\/2020\/05\/lablec_bga.png\" alt=\"\" width=\"700\" height=\"96\" srcset=\"https:\/\/hajdusamson.hu\/wp-content\/uploads\/2020\/05\/lablec_bga.png 700w, https:\/\/hajdusamson.hu\/wp-content\/uploads\/2020\/05\/lablec_bga-300x41.png 300w\" sizes=\"auto, (max-width: 700px) 100vw, 700px\" \/><\/a><\/div><\/div>\n","protected":false},"excerpt":{"rendered":"","protected":false},"author":1,"featured_media":20565,"comment_status":"open","ping_status":"open","sticky":false,"template":"","format":"standard","meta":{"footnotes":""},"categories":[52,39,68],"tags":[],"class_list":["post-20564","post","type-post","status-publish","format-standard","has-post-thumbnail","hentry","category-hirdetmenyek","category-hirek","category-lakossagi-tajekoztato"],"_links":{"self":[{"href":"https:\/\/hajdusamson.hu\/index.php?rest_route=\/wp\/v2\/posts\/20564","targetHints":{"allow":["GET"]}}],"collection":[{"href":"https:\/\/hajdusamson.hu\/index.php?rest_route=\/wp\/v2\/posts"}],"about":[{"href":"https:\/\/hajdusamson.hu\/index.php?rest_route=\/wp\/v2\/types\/post"}],"author":[{"embeddable":true,"href":"https:\/\/hajdusamson.hu\/index.php?rest_route=\/wp\/v2\/users\/1"}],"replies":[{"embeddable":true,"href":"https:\/\/hajdusamson.hu\/index.php?rest_route=%2Fwp%2Fv2%2Fcomments&post=20564"}],"version-history":[{"count":3,"href":"https:\/\/hajdusamson.hu\/index.php?rest_route=\/wp\/v2\/posts\/20564\/revisions"}],"predecessor-version":[{"id":20570,"href":"https:\/\/hajdusamson.hu\/index.php?rest_route=\/wp\/v2\/posts\/20564\/revisions\/20570"}],"wp:featuredmedia":[{"embeddable":true,"href":"https:\/\/hajdusamson.hu\/index.php?rest_route=\/wp\/v2\/media\/20565"}],"wp:attachment":[{"href":"https:\/\/hajdusamson.hu\/index.php?rest_route=%2Fwp%2Fv2%2Fmedia&parent=20564"}],"wp:term":[{"taxonomy":"category","embeddable":true,"href":"https:\/\/hajdusamson.hu\/index.php?rest_route=%2Fwp%2Fv2%2Fcategories&post=20564"},{"taxonomy":"post_tag","embeddable":true,"href":"https:\/\/hajdusamson.hu\/index.php?rest_route=%2Fwp%2Fv2%2Ftags&post=20564"}],"curies":[{"name":"wp","href":"https:\/\/api.w.org\/{rel}","templated":true}]}}