{"id":21205,"date":"2021-03-16T17:05:44","date_gmt":"2021-03-16T16:05:44","guid":{"rendered":"http:\/\/hajdusamson.hu\/?p=21205"},"modified":"2021-03-16T17:05:44","modified_gmt":"2021-03-16T16:05:44","slug":"csalad-es-gyermekjoleti-szolgalat-hirei","status":"publish","type":"post","link":"https:\/\/hajdusamson.hu\/?p=21205","title":{"rendered":"Csal\u00e1d -\u00e9s Gyermekj\u00f3l\u00e9ti Szolg\u00e1lat h\u00edrei"},"content":{"rendered":"<p><a href=\"https:\/\/hajdusamson.hu\/wp-content\/uploads\/2021\/03\/Untitled-1-3.jpg\"><img loading=\"lazy\" decoding=\"async\" class=\"nodisp aligncenter wp-image-21206 size-full\" src=\"https:\/\/hajdusamson.hu\/wp-content\/uploads\/2021\/03\/Untitled-1-3.jpg\" alt=\"\" width=\"781\" height=\"380\" srcset=\"https:\/\/hajdusamson.hu\/wp-content\/uploads\/2021\/03\/Untitled-1-3.jpg 781w, https:\/\/hajdusamson.hu\/wp-content\/uploads\/2021\/03\/Untitled-1-3-300x146.jpg 300w, https:\/\/hajdusamson.hu\/wp-content\/uploads\/2021\/03\/Untitled-1-3-768x374.jpg 768w, https:\/\/hajdusamson.hu\/wp-content\/uploads\/2021\/03\/Untitled-1-3-320x156.jpg 320w, https:\/\/hajdusamson.hu\/wp-content\/uploads\/2021\/03\/Untitled-1-3-460x224.jpg 460w, https:\/\/hajdusamson.hu\/wp-content\/uploads\/2021\/03\/Untitled-1-3-700x340.jpg 700w\" sizes=\"auto, (max-width: 781px) 100vw, 781px\" \/><\/a><\/p>\n<div class=\"fusion-fullwidth fullwidth-box\" style=\"background-color:#ffffff;background-attachment:scroll;background-position:left top;background-repeat:no-repeat;-webkit-background-size:cover;-moz-background-size:cover;-o-background-size:cover;background-size:cover;border-color:#eae9e9;border-bottom-width: 0px;border-top-width: 0px;border-bottom-style: solid;border-top-style: solid;padding-bottom:20px;padding-left:20px;padding-right:20px;padding-top:20px;\"><div class=\"avada-row\">\n<p>Aktu\u00e1lis H\u00edreink<\/p>\n<p>&nbsp;<\/p>\n<p>Vesz\u00e9lyhelyzet idej\u00e9n<\/p>\n<p>&nbsp;<\/p>\n<p style=\"text-align: justify;\">A vesz\u00e9lyhelyzet fenn\u00e1ll\u00e1s\u00e1t a Korm\u00e1ny 2021.02.08-\u00e1t\u00f3l a vesz\u00e9lyhelyzet kihirdet\u00e9s\u00e9r\u0151l \u00e9s a vesz\u00e9lyhelyzeti int\u00e9zked\u00e9sek hat\u00e1lybal\u00e9p\u00e9s\u00e9r\u0151l sz\u00f3l\u00f3 27\/2021.(I.29.) Korm. rendelet\u00e9vel meger\u0151s\u00edtette valamint a koronav\u00edrus- vil\u00e1gj\u00e1rv\u00e1ny elleni v\u00e9dekez\u00e9sr\u0151l sz\u00f3l\u00f3 2021.\u00e9vi I. t\u00f6rv\u00e9ny hat\u00e1lyveszt\u00e9s\u00e9ig 2021. m\u00e1jus 23-ig meghosszabb\u00edtotta.<\/p>\n<p style=\"text-align: justify;\">A vesz\u00e9lyhelyzet \u00fajabb kihirdet\u00e9s\u00e9nek, azaz 2020.11.03. napj\u00e1t\u00f3l a vesz\u00e9lyhelyzet visszavon\u00e1s\u00e1ig minden igyekezet\u00fcnkkel azon vagyunk, az ell\u00e1tottjaink \u00f6n\u00e1ll\u00f3 \u00e9letvitel\u00e9nek fenntart\u00e1s\u00e1t minden rendelkez\u00e9sre \u00e1ll\u00f3 eszk\u00f6z\u00fcnkkel, seg\u00edts\u00fck.<\/p>\n<p style=\"text-align: justify;\">K\u00fcl\u00f6nb\u00f6z\u0151 alternat\u00edv gondoz\u00e1si form\u00e1kkal igyeksz\u00fcnk a telep\u00fcl\u00e9sen \u00e9l\u0151 lakoss\u00e1g sz\u00e1m\u00e1ra szoci\u00e1lis alapszolg\u00e1ltat\u00e1sokat ny\u00fajtani, \u00fagymint telefonos kapcsolattart\u00e1s, elektronikus m\u00f3don val\u00f3 inform\u00e1ci\u00f3ny\u00fajt\u00e1s, tan\u00e1csad\u00e1s, seg\u00edts\u00e9gny\u00fajt\u00e1s, sz\u00fcks\u00e9g eset\u00e9n csal\u00e1dl\u00e1togat\u00e1s, kr\u00edzis elh\u00e1r\u00edt\u00e1s.<\/p>\n<p>&nbsp;<\/p>\n<p>Csal\u00e1d-\u00e9s Gyermekj\u00f3l\u00e9ti Szolg\u00e1lat<\/p>\n<p>&nbsp;<\/p>\n<p>Elj\u00e1r\u00e1srend<\/p>\n<p>Az \u00fcgyfelek csak halaszthatatlan okb\u00f3l keress\u00e9k fel int\u00e9zm\u00e9ny\u00fcnket el\u0151re egyeztetett id\u0151pontban a megfelel\u0151 j\u00e1rv\u00e1ny\u00fcgyi szab\u00e1lyok szigor\u00fa betart\u00e1sa mellett az \u00f6nkorm\u00e1nyzati rendeletben meghat\u00e1rozottak szerint!<\/p>\n<p>A kr\u00edzishelyzetek kezel\u00e9se jelen helyzetben sem halaszthat\u00f3 el, ezt a szolg\u00e1lat munkat\u00e1rsainak biztos\u00edtania kell a megfelel\u0151 \u00f3vint\u00e9zked\u00e9sek betart\u00e1sa \u00e9s v\u00e9d\u0151felszerel\u00e9sek visel\u00e9se mellett!<\/p>\n<p>Javasoljuk \u00fcgyfeleink sz\u00e1m\u00e1ra, hogy a nem l\u00e9tfontoss\u00e1g\u00fa \u00fcgyekben, m\u00e9rlegelj\u00e9k az \u00fcgyeik kivitelez\u00e9s\u00e9vel j\u00e1r\u00f3 kock\u00e1zatokat \u00e9s annak megfelel\u0151en d\u00f6ntsenek!<\/p>\n<p>&nbsp;<\/p>\n<p>H\u00e1zi seg\u00edts\u00e9gny\u00fajt\u00e1s<\/p>\n<p>&nbsp;<\/p>\n<ul>\n<li>Minden igyekezet\u00fcnkkel azon vagyunk, hogy az ell\u00e1tottjaink \u00f6n\u00e1ll\u00f3 \u00e9letvitel\u00e9nek fenntart\u00e1s\u00e1t minden rendelkez\u00e9sre \u00e1ll\u00f3 eszk\u00f6z\u00fcnkkel, v\u00e9d\u0151 felszerel\u00e9sben seg\u00edts\u00fck, az\u00e9rt, hogy a szolg\u00e1ltat\u00e1s tartalm\u00e1ban, m\u00f3dj\u00e1ban bek\u00f6vetkezett v\u00e1ltoz\u00e1sok, \u00e9letet, testi \u00e9ps\u00e9get vesz\u00e9lyeztet\u0151 helyzet ne teremt\u0151dj\u00f6n.<\/li>\n<li>Ha az ig\u00e9nybevev\u0151 igazoltan Covid -19 fert\u0151z\u00f6tt vagy fenn\u00e1ll n\u00e1la a v\u00edrus gyan\u00faja, akkor a ter\u00fcletileg illet\u00e9kes n\u00e9peg\u00e9szs\u00e9g\u00fcgyi hat\u00f3s\u00e1ggal egy\u00fcttm\u0171k\u00f6d\u00e9sben halad\u00e9ktalanul fel kell m\u00e9rn\u00fcnk, hogy az otthoni elk\u00fcl\u00f6n\u00edt\u00e9sre \u00e9s e mellett a h\u00e1zi seg\u00edts\u00e9gny\u00fajt\u00e1sra a felt\u00e9telek t\u00e9nylegesen \u00e9s biztons\u00e1gosan adottak-e.<\/li>\n<li>Amennyiben sem a gondoz\u00f3, sem a gondozott szem\u00e9lyn\u00e9l nem mer\u00fcl fel COVID-19 fert\u0151z\u00f6tts\u00e9g gyan\u00faja, ha mindketten t\u00fcnetmentesek, illetve tudom\u00e1suk szerint nem \u00e9rintkeztek COVID-19 fert\u0151z\u00f6tt vagy fert\u0151z\u00e9sre gyan\u00fas szem\u00e9llyel, \u00fagy a gondoz\u00e1s sor\u00e1n a k\u00f6z\u00f6ss\u00e9gi t\u00e1vols\u00e1gtart\u00e1s alapelv\u00e9nek megfelel\u0151en, illetve v\u00e9d\u0151felszerel\u00e9sben (gumikeszty\u0171, sz\u00e1jmaszk) lehet\u0151s\u00e9g szerint legal\u00e1bb 1,5 \u00a0m\u00e9ter t\u00e1vols\u00e1got sz\u00fcks\u00e9ges tartani.<\/li>\n<li>Amennyiben a gondoz\u00f3 szem\u00e9ly COVID-19 fert\u0151z\u00e9sre jellemz\u0151 t\u00fcneteket \u00e9szlel a gondozott szem\u00e9lyen a h\u00e1zi seg\u00edts\u00e9gny\u00fajt\u00e1s sor\u00e1n, akkor halad\u00e9ktalanul \u00e9rtes\u00edtenie kell a munk\u00e1ltat\u00f3t a gondozott szem\u00e9ly h\u00e1ziorvos\u00e1nak egyidej\u0171 t\u00e1j\u00e9koztat\u00e1sa mellett. A h\u00e1ziorvosnak jelezni kell, hogy a gondozott h\u00e1zi seg\u00edts\u00e9gny\u00fajt\u00e1sban r\u00e9szes\u00fcl.<\/li>\n<li>Amennyiben a h\u00e1ziorvos meg\u00edt\u00e9l\u00e9se alapj\u00e1n fenn\u00e1ll a COVID-19 fert\u0151z\u00e9s gyan\u00faja a gondozottn\u00e1l, a tov\u00e1bbiakban az \u00e1ltala jelzett l\u00e9p\u00e9seket kell k\u00f6vetni.<\/li>\n<li>Amennyiben a gondozott szem\u00e9ly t\u00fcnetei s\u00falyosak, egy\u00e9ni kock\u00e1zati t\u00e9nyez\u0151k \u00e1llnak fenn (pl. id\u0151s kor, kr\u00f3nikus alapbetegs\u00e9g, immunkompromitt\u00e1lt \u00e1llapot) vagy az otthoni elk\u00fcl\u00f6n\u00edt\u00e9s b\u00e1rmilyen okb\u00f3l nem megoldhat\u00f3, az OMSZ a ter\u00fcletileg illet\u00e9kes infektol\u00f3giai oszt\u00e1lyra vagy a COVID-19 beteg ell\u00e1t\u00e1s\u00e1ra kijel\u00f6lt int\u00e9zm\u00e9nybe\/oszt\u00e1lyra sz\u00e1ll\u00edtja a beteget, ahol az elk\u00fcl\u00f6n\u00edt\u00e9se, az ell\u00e1t\u00e1sa \u00e9s a COVID-19 ir\u00e1ny\u00fa mintav\u00e9telez\u00e9s megt\u00f6rt\u00e9nik.<\/li>\n<\/ul>\n<p>&nbsp;<\/p>\n<p>Szoci\u00e1lis \u00e9tkeztet\u00e9s<\/p>\n<p>&nbsp;<\/p>\n<ul>\n<li>Az \u00e9tkez\u00e9s biztos\u00edt\u00e1sa kiz\u00e1r\u00f3lag kisz\u00e1ll\u00edt\u00e1ssal t\u00f6rt\u00e9nik.<\/li>\n<li>Az \u00e9tel kisz\u00e1ll\u00edt\u00e1s nem j\u00e1r jelent\u0151s fert\u0151z\u00e9si kock\u00e1zattal, m\u00e9g karant\u00e9nba ker\u00fclt szem\u00e9lyn\u00e9l is lehets\u00e9ges megfelel\u0151 \u00f3vint\u00e9zked\u00e9sek betart\u00e1s\u00e1val.<\/li>\n<li>A befizet\u00e9sek a kor\u00e1bban kik\u00fcld\u00f6tt \u00e9rtes\u00edt\u00e9sben meghat\u00e1rozott id\u0151pontokban lehets\u00e9ges tov\u00e1bbra is az erre kijel\u00f6lt iroda ablak\u00e1n\u00e1l<\/li>\n<li>Az int\u00e9zm\u00e9ny udvar\u00e1ra val\u00f3 bel\u00e9p\u00e9skor \u00e9s a befizet\u00e9s ideje alatt k\u00f6telez\u0151 a maszk visel\u00e9s<\/li>\n<\/ul>\n<p>&nbsp;<\/p>\n<p>Nappali ell\u00e1t\u00e1s<\/p>\n<p>&nbsp;<\/p>\n<ul>\n<li>Id\u0151sek klubj\u00e1nak m\u0171k\u00f6d\u00e9se az int\u00e9zm\u00e9ny \u00e9p\u00fclet\u00e9ben tov\u00e1bbra is fel van f\u00fcggesztve!<\/li>\n<li>Az id\u0151sek megfelel\u0151 \u00e9letvitel\u00fck fenntart\u00e1sa \u00e9rdek\u00e9ben biztos\u00edtjuk a bev\u00e1s\u00e1rl\u00e1st, gy\u00f3gyszerkiv\u00e1lt\u00e1st, csekkbefizet\u00e9st.<\/li>\n<li>Ment\u00e1lis t\u00e1mogat\u00e1st, lelki t\u00e1maszt telefonon ny\u00fajtunk!<\/li>\n<\/ul>\n<p>&nbsp;<\/p>\n<p>&nbsp;<\/p>\n<p>Falu-\u00e9s tanyagondnoki szolg\u00e1ltat\u00e1s<\/p>\n<p>Fokozott figyelmet ford\u00edtunk a k\u00fclter\u00fcleti vagy egy\u00e9b belter\u00fcleti, valamint a tanyasi lakott helyek int\u00e9zm\u00e9nyhi\u00e1ny\u00e1b\u00f3l \u00e9s a k\u00f6z\u00f6ss\u00e9gi k\u00f6zleked\u00e9s neh\u00e9zs\u00e9g\u00e9b\u0151l ered\u0151<\/p>\n<p>h\u00e1tr\u00e1nyainak enyh\u00edt\u00e9s\u00e9re, az alapvet\u0151 sz\u00fcks\u00e9gletek kiel\u00e9g\u00edt\u00e9s\u00e9t seg\u00edt\u0151<\/p>\n<p>szolg\u00e1ltat\u00e1sokhoz, k\u00f6zszolg\u00e1ltat\u00e1shoz, valamint egyes alapszolg\u00e1ltat\u00e1sokhoz<\/p>\n<p>val\u00f3 hozz\u00e1jut\u00e1st folyamatosan biztos\u00edtjuk a lakoss\u00e1g sz\u00e1m\u00e1ra,tov\u00e1bb\u00e1 k\u00f6zre m\u0171k\u00f6d\u00fcnk az \u00e9tkeztet\u00e9sek biztos\u00edt\u00e1sban is.<\/p>\n<p>A sz\u00e1ll\u00edt\u00e1s id\u0151tartama alatt orrot \u00e9s sz\u00e1jat eltakar\u00f3 maszk visel\u00e9se k\u00f6telez\u0151 a szolg\u00e1ltat\u00e1st ny\u00fajt\u00f3 \u00e9s az ig\u00e9nybevev\u0151 sz\u00e1m\u00e1ra is!<\/p>\n<p>&nbsp;<\/p>\n<p>T\u00e1mogat\u00f3 szolg\u00e1lat<\/p>\n<p>&nbsp;<\/p>\n<p>Az alapvet\u0151 sz\u00fcks\u00e9gletek kiel\u00e9g\u00edt\u00e9s\u00e9t seg\u00edt\u0151 szolg\u00e1ltat\u00e1sokhoz, k\u00f6zszolg\u00e1ltat\u00e1sokhoz val\u00f3 hozz\u00e1jut\u00e1st tov\u00e1bbra is biztos\u00edtjuk.<\/p>\n<p>A k\u00f6znevel\u00e9si rendszer r\u00e9szleges digit\u00e1lis \u00e1t\u00e1ll\u00e1sa miatt a sz\u00e1ll\u00edt\u00f3 szolg\u00e1ltat\u00e1sban felszabadul\u00f3 kapacit\u00e1sokat az int\u00e9zm\u00e9ny \u00e9s az \u00f6nkorm\u00e1nyzat tov\u00e1bbi feladat ell\u00e1t\u00e1s\u00e1ra ford\u00edtjuk.<\/p>\n<p>A szem\u00e9lyi seg\u00edt\u0151 szolg\u00e1ltat\u00e1s ny\u00fajt\u00e1sa sor\u00e1n a h\u00e1zi seg\u00edts\u00e9gny\u00fajt\u00e1sn\u00e1l felsoroltak az ir\u00e1nyad\u00f3k.<\/p>\n<p>A sz\u00e1ll\u00edt\u00e1s id\u0151tartama alatt orrot \u00e9s sz\u00e1jat eltakar\u00f3 maszk visel\u00e9se k\u00f6telez\u0151 a szolg\u00e1ltat\u00e1st ny\u00fajt\u00f3 \u00e9s az ig\u00e9nybevev\u0151 sz\u00e1m\u00e1ra is!<\/p>\n<p>&nbsp;<\/p>\n<p>&nbsp;<\/p>\n<p>Elrhet\u0151s\u00e9geink:\u00a0\u00a0\u00a0\u00a0\u00a0\u00a0\u00a0\u00a0\u00a0\u00a0\u00a0\u00a0\u00a0 \u00a0\u00a0\u00a0\u00a00652\/201-343<\/p>\n<p>0652\/ 201-346<\/p>\n<p>0630- 884-5799<\/p>\n<p>&nbsp;<\/p>\n<p>E-mail:\u00a0\u00a0\u00a0\u00a0\u00a0\u00a0\u00a0\u00a0\u00a0\u00a0\u00a0\u00a0\u00a0\u00a0\u00a0\u00a0\u00a0\u00a0\u00a0\u00a0\u00a0\u00a0\u00a0\u00a0\u00a0\u00a0\u00a0\u00a0\u00a0\u00a0 <a href=\"mailto:csszolgalatsamson@gmail.com\">csszolgalatsamson@gmail.com<\/a><\/p>\n<p>&nbsp;<\/p>\n<p>A telefonos kapcsolattart\u00e1s az al\u00e1bbiak szerint val\u00f3sul meg:<\/p>\n<p>&nbsp;<\/p>\n<p>&nbsp;<\/p>\n<p>H\u00e9tf\u0151: \u00a0\u00a0\u00a0\u00a0\u00a0\u00a0\u00a0\u00a0\u00a0\u00a0\u00a0\u00a0\u00a0\u00a0\u00a0\u00a0\u00a0 8-16 \u00f3r\u00e1ig<\/p>\n<p>Kedd: \u00a0\u00a0\u00a0\u00a0\u00a0\u00a0\u00a0\u00a0\u00a0\u00a0\u00a0\u00a0\u00a0\u00a0\u00a0\u00a0 8-16 \u00f3r\u00e1ig<\/p>\n<p>Szerda:\u00a0\u00a0\u00a0\u00a0\u00a0\u00a0\u00a0\u00a0\u00a0\u00a0\u00a0\u00a0\u00a0\u00a0\u00a0 8-16 \u00f3r\u00e1ig<\/p>\n<p>Cs\u00fct\u00f6rt\u00f6k:\u00a0\u00a0\u00a0\u00a0\u00a0\u00a0\u00a0\u00a0\u00a0 8-16 \u00f3r\u00e1ig<\/p>\n<p>P\u00e9ntek:\u00a0\u00a0\u00a0 \u00a0\u00a0\u00a0\u00a0\u00a0\u00a0\u00a0\u00a0\u00a0\u00a0 8-12 \u00f3r\u00e1ig<\/p>\n<p>&nbsp;<\/p>\n<p>Inform\u00e1ci\u00f3s vonalak:\u00a0\u00a0\u00a0\u00a0\u00a0\u00a0\u00a0\u00a0\u00a0\u00a0\u00a0\u00a0\u00a0\u00a0\u00a0\u00a0\u00a0\u00a0\u00a0\u00a0\u00a0\u00a0 06 80\u00a0277\u00a0455<\/p>\n<p>06 80\u00a0277\u00a0456<\/p>\n<p><a href=\"mailto:koronavirus@bm.gov.hu\">koronavirus@bm.gov.hu<\/a><\/p>\n<p>&nbsp;<\/p>\n<p>K\u00edv\u00e1nunk kitart\u00e1st, hitet, j\u00f3 eg\u00e9szs\u00e9get mindenkinek!<\/p>\n<p>&nbsp;<\/p>\n<p>&nbsp;<\/p>\n<\/div><\/div>\n","protected":false},"excerpt":{"rendered":"","protected":false},"author":1,"featured_media":0,"comment_status":"open","ping_status":"open","sticky":false,"template":"","format":"standard","meta":{"footnotes":""},"categories":[83,70,52,39,76,68],"tags":[],"class_list":["post-21205","post","type-post","status-publish","format-standard","hentry","category-csalad-es-gyermekjoleti","category-egeszsegugyi-rendelesek","category-hirdetmenyek","category-hirek","category-intezmenyeink-hirei","category-lakossagi-tajekoztato"],"_links":{"self":[{"href":"https:\/\/hajdusamson.hu\/index.php?rest_route=\/wp\/v2\/posts\/21205","targetHints":{"allow":["GET"]}}],"collection":[{"href":"https:\/\/hajdusamson.hu\/index.php?rest_route=\/wp\/v2\/posts"}],"about":[{"href":"https:\/\/hajdusamson.hu\/index.php?rest_route=\/wp\/v2\/types\/post"}],"author":[{"embeddable":true,"href":"https:\/\/hajdusamson.hu\/index.php?rest_route=\/wp\/v2\/users\/1"}],"replies":[{"embeddable":true,"href":"https:\/\/hajdusamson.hu\/index.php?rest_route=%2Fwp%2Fv2%2Fcomments&post=21205"}],"version-history":[{"count":2,"href":"https:\/\/hajdusamson.hu\/index.php?rest_route=\/wp\/v2\/posts\/21205\/revisions"}],"predecessor-version":[{"id":21208,"href":"https:\/\/hajdusamson.hu\/index.php?rest_route=\/wp\/v2\/posts\/21205\/revisions\/21208"}],"wp:attachment":[{"href":"https:\/\/hajdusamson.hu\/index.php?rest_route=%2Fwp%2Fv2%2Fmedia&parent=21205"}],"wp:term":[{"taxonomy":"category","embeddable":true,"href":"https:\/\/hajdusamson.hu\/index.php?rest_route=%2Fwp%2Fv2%2Fcategories&post=21205"},{"taxonomy":"post_tag","embeddable":true,"href":"https:\/\/hajdusamson.hu\/index.php?rest_route=%2Fwp%2Fv2%2Ftags&post=21205"}],"curies":[{"name":"wp","href":"https:\/\/api.w.org\/{rel}","templated":true}]}}