{"id":21209,"date":"2021-03-18T09:39:30","date_gmt":"2021-03-18T08:39:30","guid":{"rendered":"http:\/\/hajdusamson.hu\/?p=21209"},"modified":"2021-03-18T09:39:30","modified_gmt":"2021-03-18T08:39:30","slug":"hirdetmeny-ovodai-beiratasrol","status":"publish","type":"post","link":"https:\/\/hajdusamson.hu\/?p=21209","title":{"rendered":"Hirdetm\u00e9ny \u00f3vodai be\u00edrat\u00e1sr\u00f3l"},"content":{"rendered":"<a href=\"https:\/\/hajdusamson.hu\/wp-content\/uploads\/2021\/03\/Szkenner_20210316_112314.jpg\"><img loading=\"lazy\" decoding=\"async\" class=\"size-large wp-image-21210 aligncenter\" src=\"https:\/\/hajdusamson.hu\/wp-content\/uploads\/2021\/03\/Szkenner_20210316_112314-618x1024.jpg\" alt=\"\" width=\"618\" height=\"1024\" srcset=\"https:\/\/hajdusamson.hu\/wp-content\/uploads\/2021\/03\/Szkenner_20210316_112314-618x1024.jpg 618w, https:\/\/hajdusamson.hu\/wp-content\/uploads\/2021\/03\/Szkenner_20210316_112314-181x300.jpg 181w, https:\/\/hajdusamson.hu\/wp-content\/uploads\/2021\/03\/Szkenner_20210316_112314-768x1273.jpg 768w, https:\/\/hajdusamson.hu\/wp-content\/uploads\/2021\/03\/Szkenner_20210316_112314-927x1536.jpg 927w, https:\/\/hajdusamson.hu\/wp-content\/uploads\/2021\/03\/Szkenner_20210316_112314.jpg 1000w\" sizes=\"auto, (max-width: 618px) 100vw, 618px\" \/><\/a><\/p>\n<p style=\"text-align: justify;\"><div class=\"fusion-fullwidth fullwidth-box\" style=\"background-color:#ffffff;background-attachment:scroll;background-position:left top;background-repeat:no-repeat;-webkit-background-size:cover;-moz-background-size:cover;-o-background-size:cover;background-size:cover;border-color:#eae9e9;border-bottom-width: 0px;border-top-width: 0px;border-bottom-style: solid;border-top-style: solid;padding-bottom:20px;padding-left:20px;padding-right:20px;padding-top:20px;\"><div class=\"avada-row\"> Az Emberi Er\u0151forr\u00e1sok Miniszt\u00e9rium\u00e1nak hat\u00e1rozata \u00e9rtelm\u00e9ben a 2021\/22. nevel\u00e9si \u00e9vre t\u00f6rt\u00e9n\u0151 beiratkoz\u00e1s a szok\u00e1sos rendben \u00e9s \u00fctemez\u00e9sben t\u00f6rt\u00e9nhet meg, azonban sz\u00fcl\u0151nek\/gondvisel\u0151nek nem sz\u00fcks\u00e9ges felt\u00e9tlen\u00fcl szem\u00e9lyesen megjelennie az int\u00e9zm\u00e9nyben, hanem elektronikus \u00faton is elj\u00e1rhat.<\/p>\n<p style=\"text-align: justify;\">Az a sz\u00fcl\u0151, aki \u00e9lni szeretne az\u00a0<b>elektronikus beiratkoz\u00e1s<\/b>\u00a0lehet\u0151s\u00e9g\u00e9vel, a\u00a0<b><a href=\"mailto:titkarsag@eszterlancovi.hu\">titkarsag@eszterlancovi.hu<\/a><\/b>\u00a0email-c\u00edmen vegye fel vel\u00fcnk a kapcsolatot\u00a0<b>2021.\u00e1prilis 26-28-ig<\/b>!<\/div><\/div>\n","protected":false},"excerpt":{"rendered":"","protected":false},"author":1,"featured_media":12331,"comment_status":"open","ping_status":"open","sticky":false,"template":"","format":"standard","meta":{"footnotes":""},"categories":[69,52,39,76,40],"tags":[],"class_list":["post-21209","post","type-post","status-publish","format-standard","has-post-thumbnail","hentry","category-hirdetmenyek-hirdetmenyek","category-hirdetmenyek","category-hirek","category-intezmenyeink-hirei","category-ovoda"],"_links":{"self":[{"href":"https:\/\/hajdusamson.hu\/index.php?rest_route=\/wp\/v2\/posts\/21209","targetHints":{"allow":["GET"]}}],"collection":[{"href":"https:\/\/hajdusamson.hu\/index.php?rest_route=\/wp\/v2\/posts"}],"about":[{"href":"https:\/\/hajdusamson.hu\/index.php?rest_route=\/wp\/v2\/types\/post"}],"author":[{"embeddable":true,"href":"https:\/\/hajdusamson.hu\/index.php?rest_route=\/wp\/v2\/users\/1"}],"replies":[{"embeddable":true,"href":"https:\/\/hajdusamson.hu\/index.php?rest_route=%2Fwp%2Fv2%2Fcomments&post=21209"}],"version-history":[{"count":1,"href":"https:\/\/hajdusamson.hu\/index.php?rest_route=\/wp\/v2\/posts\/21209\/revisions"}],"predecessor-version":[{"id":21211,"href":"https:\/\/hajdusamson.hu\/index.php?rest_route=\/wp\/v2\/posts\/21209\/revisions\/21211"}],"wp:featuredmedia":[{"embeddable":true,"href":"https:\/\/hajdusamson.hu\/index.php?rest_route=\/wp\/v2\/media\/12331"}],"wp:attachment":[{"href":"https:\/\/hajdusamson.hu\/index.php?rest_route=%2Fwp%2Fv2%2Fmedia&parent=21209"}],"wp:term":[{"taxonomy":"category","embeddable":true,"href":"https:\/\/hajdusamson.hu\/index.php?rest_route=%2Fwp%2Fv2%2Fcategories&post=21209"},{"taxonomy":"post_tag","embeddable":true,"href":"https:\/\/hajdusamson.hu\/index.php?rest_route=%2Fwp%2Fv2%2Ftags&post=21209"}],"curies":[{"name":"wp","href":"https:\/\/api.w.org\/{rel}","templated":true}]}}