{"id":21464,"date":"2021-05-31T13:49:04","date_gmt":"2021-05-31T12:49:04","guid":{"rendered":"http:\/\/hajdusamson.hu\/?p=21464"},"modified":"2021-05-31T13:49:04","modified_gmt":"2021-05-31T12:49:04","slug":"eszterlanc-ovodat-erinto-tajekoztato-es-hirdetmeny","status":"publish","type":"post","link":"https:\/\/hajdusamson.hu\/?p=21464","title":{"rendered":"Eszterl\u00e1nc \u00d3vod\u00e1t \u00e9rint\u0151 t\u00e1j\u00e9koztat\u00f3 \u00e9s hirdetm\u00e9ny"},"content":{"rendered":"<p><a href=\"https:\/\/hajdusamson.hu\/wp-content\/uploads\/2016\/06\/Untitled-1-9.jpg\"><img loading=\"lazy\" decoding=\"async\" class=\"nodisp aligncenter wp-image-16105 size-full\" src=\"https:\/\/hajdusamson.hu\/wp-content\/uploads\/2016\/06\/Untitled-1-9.jpg\" alt=\"hirdetm\u00e9ny\" width=\"781\" height=\"380\" srcset=\"https:\/\/hajdusamson.hu\/wp-content\/uploads\/2016\/06\/Untitled-1-9.jpg 781w, https:\/\/hajdusamson.hu\/wp-content\/uploads\/2016\/06\/Untitled-1-9-300x146.jpg 300w, https:\/\/hajdusamson.hu\/wp-content\/uploads\/2016\/06\/Untitled-1-9-768x374.jpg 768w, https:\/\/hajdusamson.hu\/wp-content\/uploads\/2016\/06\/Untitled-1-9-320x156.jpg 320w, https:\/\/hajdusamson.hu\/wp-content\/uploads\/2016\/06\/Untitled-1-9-460x224.jpg 460w, https:\/\/hajdusamson.hu\/wp-content\/uploads\/2016\/06\/Untitled-1-9-700x340.jpg 700w\" sizes=\"auto, (max-width: 781px) 100vw, 781px\" \/><\/a><\/p>\n<div class=\"fusion-fullwidth fullwidth-box\" style=\"background-color:#ffffff;background-attachment:scroll;background-position:left top;background-repeat:no-repeat;-webkit-background-size:cover;-moz-background-size:cover;-o-background-size:cover;background-size:cover;border-color:#eae9e9;border-bottom-width: 0px;border-top-width: 0px;border-bottom-style: solid;border-top-style: solid;padding-bottom:20px;padding-left:20px;padding-right:20px;padding-top:20px;\"><div class=\"avada-row\">\n<p style=\"text-align: center;\"><strong><u>T\u00c1J\u00c9KOZTAT\u00d3<\/u><\/strong><\/p>\n<p style=\"text-align: center;\">Hajd\u00fas\u00e1mson V\u00e1ros \u00d6nkorm\u00e1nyzata \u2013 a 92\/2021. (V. 18.) polg\u00e1rmesteri hat\u00e1rozatban \u2013 elhat\u00e1rozta, hogy a fenntart\u00e1s\u00e1ban m\u0171k\u00f6d\u0151 Eszterl\u00e1nc \u00d3voda (4251 Hajd\u00fas\u00e1mson, Kossuth \u00fat 11-17., 1464 hrsz.) k\u00f6znevel\u00e9si int\u00e9zm\u00e9ny <strong>fenntart\u00f3i jog\u00e1t 2021. szeptember 1. napj\u00e1val<\/strong> \u00e1tadja a HIT Gy\u00fclekezete Egyh\u00e1z (1103 Budapest, Gy\u00f6mr\u0151i \u00fat 69.) r\u00e9sz\u00e9re.<\/p>\n<p style=\"text-align: center;\">Hajd\u00fas\u00e1mson V\u00e1ros \u00d6nkorm\u00e1nyzata \u2013 a 95\/2021. (V. 18.) polg\u00e1rmesteri hat\u00e1rozattal \u2013 2021. szeptember 1. napj\u00e1val \u00faj, jogut\u00f3d \u00f6nkorm\u00e1nyzati \u00f3vod\u00e1t hoz l\u00e9tre, legfeljebb <strong>75 f\u00e9r\u0151hellyel, 3 foglalkoztat\u00f3val<\/strong> \u00e9s a f\u00e9r\u0151helyekhez sz\u00fcks\u00e9ges, a nemzeti k\u00f6znevel\u00e9sr\u0151l sz\u00f3l\u00f3 2011. \u00e9vi CXC. t\u00f6rv\u00e9ny szerinti sz\u00fcks\u00e9ges alkalmazotti l\u00e9tsz\u00e1mmal.<\/p>\n<p style=\"text-align: center;\">Az \u00faj, \u00f6nkorm\u00e1nyzat \u00e1ltal alap\u00edtand\u00f3 (jogut\u00f3d) k\u00f6znevel\u00e9si int\u00e9zm\u00e9ny (\u00f3voda) neve az Nkt. 83. \u00a7 (2) bekezd\u00e9s a) pontja alapj\u00e1n: <strong>Hajd\u00fas\u00e1msoni \u00d6nkorm\u00e1nyzati \u00d3voda.<\/strong><\/p>\n<hr \/>\n<p>&nbsp;<\/p>\n<p style=\"text-align: center;\"><strong><u>HIRDETM\u00c9NY<\/u><\/strong><\/p>\n<p>&nbsp;<\/p>\n<p style=\"text-align: justify;\">A nemzeti k\u00f6znevel\u00e9sr\u0151l sz\u00f3l\u00f3 2011. \u00e9vi CXC. t\u00f6rv\u00e9ny (a tov\u00e1bbiakban: Nkt.) 83. \u00a7 (2) bekezd\u00e9s b) pontja alapj\u00e1n Hajd\u00fas\u00e1mson V\u00e1ros \u00d6nkorm\u00e1nyzata K\u00e9pvisel\u0151-test\u00fclet\u00e9nek a katasztr\u00f3fav\u00e9delemr\u0151l \u00e9s a hozz\u00e1 kapcsol\u00f3d\u00f3 egyes t\u00f6rv\u00e9nyek m\u00f3dos\u00edt\u00e1s\u00e1r\u00f3l sz\u00f3l\u00f3 2011. \u00e9vi CXXVIII. t\u00f6rv\u00e9ny 46. \u00a7 (4) bekezd\u00e9se szerinti hat\u00e1sk\u00f6r\u00e9ben elj\u00e1r\u00f3 Hajd\u00fas\u00e1mson V\u00e1ros Polg\u00e1rmestere a Hajd\u00fas\u00e1msoni \u00d6nkorm\u00e1nyzati \u00d3vod\u00e1ban a 2021\/2022. nevel\u00e9si \u00e9vre, az int\u00e9zm\u00e9ny <u>fenntart\u00f3v\u00e1lt\u00e1s\u00e1ra<\/u> tekintettel a<\/p>\n<p style=\"text-align: center;\"><strong><u>p\u00f3tbe\u00edrat\u00e1s (\u00e1t\u00edrat\u00e1s, nyilatkozatt\u00e9tel) id\u0151pontj\u00e1t 2021. j\u00fanius 3-4<\/u><\/strong><strong>.<\/strong><\/p>\n<p>napjaiban \u00e1llap\u00edtotta meg.<\/p>\n<p><strong>Beiratkozni az \u00d3voda titk\u00e1rs\u00e1g\u00e1n lehet <\/strong><\/p>\n<p style=\"padding-left: 40px;\"><strong>2021. j\u00fanius 3-\u00e1n (cs\u00fct\u00f6rt\u00f6k) 8.00-17.00 \u00f3r\u00e1ig<br \/>\n<\/strong><strong>2021. j\u00fanius 4-\u00e9n (p\u00e9ntek) 8.00-16.00 \u00f3r\u00e1ig.<\/strong><\/p>\n<p><strong><u>Az \u00f3vodai beiratkoz\u00e1skor sz\u00fcks\u00e9ges bemutatni a gyermek <\/u><\/strong><\/p>\n<ul>\n<li><strong><u>lakc\u00edmet igazol\u00f3 hat\u00f3s\u00e1gi igazolv\u00e1ny\u00e1t, <\/u><\/strong><\/li>\n<li><strong><u>sz\u00fclet\u00e9si anyak\u00f6nyvi kivonat\u00e1t \u00e9s <\/u><\/strong><\/li>\n<li><strong><u>TAJ k\u00e1rty\u00e1j\u00e1t, <\/u><\/strong><\/li>\n<li><strong><u>a sz\u00fcl\u0151 (t\u00f6rv\u00e9nyes k\u00e9pvisel\u0151) szem\u00e9lyi azonos\u00edt\u00f3 \u00e9s lakc\u00edmet igazol\u00f3 hat\u00f3s\u00e1gi igazolv\u00e1ny\u00e1t,<\/u><\/strong><\/li>\n<li><strong><u>a kor\u00e1bbi beiratkoz\u00e1si dokumentumait. <\/u><\/strong><\/li>\n<\/ul>\n<p><strong>\u00a0<\/strong><\/p>\n<p><strong><u>Az \u00d3voda felv\u00e9teli k\u00f6rzete:<\/u><\/strong> Hajd\u00fas\u00e1mson teljes k\u00f6zigazgat\u00e1si ter\u00fclete (Hajd\u00fas\u00e1mson, S\u00e1msonkert, Martinka, Liget-tanya telep\u00fcl\u00e9sr\u00e9szek).<\/p>\n<p><strong><u>Az \u00d3voda tervezett nyitva tart\u00e1sa:<\/u><\/strong> heti 57,5 \u00f3ra id\u0151tartamban, h\u00e9tf\u0151t\u0151l p\u00e9ntekig, naponta 06.00 \u00f3r\u00e1t\u00f3l 17.30 \u00f3r\u00e1ig.<\/p>\n<p><strong><u>Az \u00f3vodai felv\u00e9tel t\u00e1rgy\u00e1ban meghozott d\u00f6nt\u00e9s k\u00f6zl\u00e9s\u00e9nek hat\u00e1rnapja:<\/u><\/strong> legk\u00e9s\u0151bb 2021. j\u00fanius 30.<\/p>\n<p>&nbsp;<\/p>\n<p><strong><u>Jogszab\u00e1lyi t\u00e1j\u00e9koztat\u00e1s:<\/u><\/strong><\/p>\n<p style=\"text-align: justify;\"><strong>Nkt. 8. \u00a7 <\/strong>(1) Az \u00f3voda a gyermek h\u00e1rom\u00e9ves kor\u00e1t\u00f3l a tank\u00f6telezetts\u00e9g kezdet\u00e9ig nevel\u0151 int\u00e9zm\u00e9ny, amely a gyermeket fokozatosan, de k\u00fcl\u00f6n\u00f6sen az utols\u00f3 \u00e9v\u00e9ben az iskolai nevel\u00e9s-oktat\u00e1sra k\u00e9sz\u00edti fel. Az \u00f3voda felveheti azt a gyermeket is, aki a harmadik \u00e9let\u00e9v\u00e9t a felv\u00e9tel\u00e9t\u0151l sz\u00e1m\u00edtott f\u00e9l \u00e9ven bel\u00fcl bet\u00f6lti, felt\u00e9ve, hogy minden, a telep\u00fcl\u00e9sen, f\u0151v\u00e1rosi ker\u00fcletben, vagy ha a felv\u00e9teli k\u00f6rzet t\u00f6bb telep\u00fcl\u00e9sen tal\u00e1lhat\u00f3, az \u00e9rintett telep\u00fcl\u00e9seken lak\u00f3hellyel, ennek hi\u00e1ny\u00e1ban tart\u00f3zkod\u00e1si hellyel rendelkez\u0151 h\u00e1rom\u00e9ves \u00e9s ann\u00e1l id\u0151sebb gyermek \u00f3vodai felv\u00e9teli k\u00e9relme teljes\u00edthet\u0151.<\/p>\n<p style=\"text-align: justify;\">(2)<sup>\u00a0<\/sup> A gyermek abban az \u00e9vben, amelynek augusztus 31. napj\u00e1ig a harmadik \u00e9let\u00e9v\u00e9t bet\u00f6lti, a nevel\u00e9si \u00e9v kezd\u0151 napj\u00e1t\u00f3l legal\u00e1bb napi n\u00e9gy \u00f3r\u00e1ban \u00f3vodai foglalkoz\u00e1son vesz r\u00e9szt. A sz\u00fcl\u0151 &#8211; t\u00e1rgy\u00e9v m\u00e1jus 25. napj\u00e1ig beny\u00fajtott &#8211; k\u00e9relme alapj\u00e1n a gyermek jogos \u00e9rdek\u00e9t szem el\u0151tt tartva, annak az \u00e9vnek az augusztus 31. napj\u00e1ig, amelyben a gyermek a negyedik \u00e9let\u00e9v\u00e9t bet\u00f6lti, a Korm\u00e1ny rendelet\u00e9ben kijel\u00f6lt szerv (a tov\u00e1bbiakban: felment\u00e9st enged\u00e9lyez\u0151 szerv) felmentheti az \u00f3vodai foglalkoz\u00e1son val\u00f3 r\u00e9szv\u00e9tel al\u00f3l, ha a gyermek csal\u00e1di k\u00f6r\u00fclm\u00e9nyei, saj\u00e1tos helyzete indokolja. Ha az elj\u00e1r\u00e1sban szak\u00e9rt\u0151t kell meghallgatni, csak az \u00f3vodavezet\u0151 vagy a v\u00e9d\u0151n\u0151 rendelhet\u0151 ki.<\/p>\n<p><strong>\u00a0<\/strong><\/p>\n<p style=\"text-align: justify;\"><strong>Nkt. 49. \u00a7 <\/strong>(1) Az \u00f3vodai felv\u00e9tel, \u00e1tv\u00e9tel jelentkez\u00e9s alapj\u00e1n t\u00f6rt\u00e9nik. Az \u00f3vod\u00e1ba a gyermek &#8211; e t\u00f6rv\u00e9nyben foglalt kiv\u00e9tellel &#8211; harmadik \u00e9let\u00e9v\u00e9nek bet\u00f6lt\u00e9se ut\u00e1n vehet\u0151 fel. A sz\u00fcl\u0151 gyermeke \u00f3vodai felv\u00e9tel\u00e9t, \u00e1tv\u00e9tel\u00e9t b\u00e1rmikor k\u00e9rheti, a gyermekek felv\u00e9tele folyamatos.<\/p>\n<p style=\"text-align: justify;\">(2) A gyermeket els\u0151sorban abba az \u00f3vod\u00e1ba kell felvenni, \u00e1tvenni, amelynek k\u00f6rzet\u00e9ben lakik, vagy ahol sz\u00fcl\u0151je dolgozik. A felv\u00e9telr\u0151l, \u00e1tv\u00e9telr\u0151l az \u00f3voda vezet\u0151je d\u00f6nt. Ha a jelentkez\u0151k sz\u00e1ma meghaladja a felvehet\u0151 gyermekek sz\u00e1m\u00e1t, az \u00f3vodavezet\u0151, amennyiben az \u00f3voda fenntart\u00f3ja t\u00f6bb \u00f3vod\u00e1t tart fenn, az \u00f3voda fenntart\u00f3ja bizotts\u00e1got szervez, amely javaslatot tesz a felv\u00e9telre.<\/p>\n<p style=\"text-align: justify;\">(3) A telep\u00fcl\u00e9si \u00f6nkorm\u00e1nyzat k\u00f6zz\u00e9teszi az \u00f3voda felv\u00e9teli k\u00f6rzet\u00e9t, valamint az \u00f3voda nyitva tart\u00e1s\u00e1nak rendj\u00e9t. Az \u00f3voda k\u00f6teles felvenni, \u00e1tvenni azt a gyermeket, aki \u00e9letvitelszer\u0171en az \u00f3voda k\u00f6rzet\u00e9ben lakik (a tov\u00e1bbiakban: k\u00f6telez\u0151 felv\u00e9telt biztos\u00edt\u00f3 \u00f3voda).<\/p>\n<p style=\"text-align: justify;\"><u>Jogorvoslati elj\u00e1r\u00e1s:<\/u> a 20\/2012. (VIII. 31.) EMMI rendelet alapj\u00e1n<\/p>\n<p style=\"text-align: justify;\"><strong>83. \u00a7<\/strong> (1) A nevel\u00e9si-oktat\u00e1si int\u00e9zm\u00e9ny k\u00f6teles a tanul\u00f3t, valamint a gyermek, a kiskor\u00fa tanul\u00f3 sz\u00fcl\u0151j\u00e9t \u00edr\u00e1sban \u00e9rtes\u00edteni gyermeke \u00f3vodai, iskolai, koll\u00e9giumi felv\u00e9tel\u00e9vel, az \u00f3vodai, tanul\u00f3i jogviszony \u00e9s a koll\u00e9giumi tags\u00e1gi viszony megsz\u0171n\u00e9s\u00e9vel, a gyermek, tanul\u00f3 fejl\u0151d\u00e9s\u00e9vel, tanulm\u00e1nyi el\u0151menetel\u00e9vel kapcsolatos d\u00f6nt\u00e9s\u00e9r\u0151l, az int\u00e9zm\u00e9ny m\u0171k\u00f6d\u00e9s\u00e9nek rendj\u00e9r\u0151l, tov\u00e1bb\u00e1 minden olyan int\u00e9zked\u00e9sr\u0151l, amelyre vonatkoz\u00f3an jogszab\u00e1ly az \u00e9rtes\u00edt\u00e9st el\u0151\u00edrja.<\/p>\n<p style=\"text-align: justify;\">(2) A tanul\u00f3, a gyermek, a kiskor\u00fa tanul\u00f3 sz\u00fcl\u0151j\u00e9nek \u00edr\u00e1sbeli nyilatkozat\u00e1t be kell szerezni<\/p>\n<p style=\"padding-left: 40px; text-align: justify;\"><em>a) <\/em>minden olyan \u00f3vodai, iskolai, koll\u00e9giumi d\u00f6nt\u00e9shez, amelyb\u0151l a tanul\u00f3ra, gyermek, kiskor\u00fa tanul\u00f3 eset\u00e9n a sz\u00fcl\u0151re fizet\u00e9si k\u00f6telezetts\u00e9g h\u00e1rul,<\/p>\n<p style=\"padding-left: 40px; text-align: justify;\"><em>b) <\/em>a kiskor\u00fa tanul\u00f3 eset\u00e9n a tanul\u00f3i jogviszony, koll\u00e9giumi tags\u00e1gi viszony keletkez\u00e9s\u00e9vel, megsz\u0171n\u00e9s\u00e9vel, a tanul\u00f3i jogviszony sz\u00fcnetel\u00e9s\u00e9vel, a tan\u00f3rai foglalkoz\u00e1son val\u00f3 r\u00e9szv\u00e9tel al\u00f3li felment\u00e9ssel, az egyes tant\u00e1rgyak al\u00f3li mentes\u00edt\u00e9ssel, a tanulm\u00e1nyi id\u0151 r\u00f6vid\u00edt\u00e9s\u00e9vel kapcsolatos \u00fcgyekben, \u00e9s<\/p>\n<p style=\"padding-left: 40px; text-align: justify;\"><em>c) <\/em>minden olyan k\u00e9rd\u00e9sr\u0151l, amelyre vonatkoz\u00f3an jogszab\u00e1ly a nyilatkozat beszerz\u00e9s\u00e9t el\u0151\u00edrja.<\/p>\n<p style=\"text-align: justify;\">(3) Az \u00f3vodai, iskolai, koll\u00e9giumi felv\u00e9telr\u0151l hozott d\u00f6nt\u00e9st \u00edr\u00e1sba kell foglalni. Az \u00f3voda, iskola, koll\u00e9gium \u00edr\u00e1sban \u00e9rtes\u00edti a sz\u00fcl\u0151t, ha a gyermeket, a kiskor\u00fa tanul\u00f3t t\u00f6r\u00f6lte a nyilv\u00e1ntart\u00e1s\u00e1b\u00f3l.<\/p>\n<p style=\"text-align: justify;\">(4) A nevel\u00e9si-oktat\u00e1si int\u00e9zm\u00e9ny a d\u00f6nt\u00e9s\u00e9t hat\u00e1rozatba foglalja, ha a jelentkez\u00e9st, a k\u00e9relmet r\u00e9szben vagy eg\u00e9szben elutas\u00edtja, vagy k\u00e9relem hi\u00e1ny\u00e1ban hoz a gyermekre, tanul\u00f3ra h\u00e1tr\u00e1nyos d\u00f6nt\u00e9st, vagy a tanul\u00f3, kiskor\u00fa tanul\u00f3 eset\u00e9n a sz\u00fcl\u0151 k\u00e9ri a d\u00f6nt\u00e9s hat\u00e1rozatba foglal\u00e1s\u00e1t.<\/p>\n<p style=\"text-align: justify;\">(5) A jogorvoslati elj\u00e1r\u00e1sban a gyermeket, a kiskor\u00fa tanul\u00f3t sz\u00fcl\u0151je k\u00e9pviselheti.<\/p>\n<p style=\"text-align: justify;\">(6) A nevel\u00e9si-oktat\u00e1si int\u00e9zm\u00e9ny d\u00f6nt\u00e9se v\u00e9gleges, ha az Nkt.-ben meghat\u00e1rozott hat\u00e1rid\u0151n bel\u00fcl nem ny\u00fajtottak be elj\u00e1r\u00e1st megind\u00edt\u00f3 k\u00e9relmet, vagy az elj\u00e1r\u00e1st megind\u00edt\u00f3 k\u00e9relem beny\u00fajt\u00e1s\u00e1r\u00f3l lemondtak.<\/p>\n<p><strong>Hajd\u00fas\u00e1mson, 2021. m\u00e1jus 31. \u00a0\u00a0\u00a0\u00a0\u00a0\u00a0\u00a0\u00a0\u00a0\u00a0\u00a0\u00a0\u00a0\u00a0\u00a0\u00a0\u00a0\u00a0\u00a0\u00a0\u00a0\u00a0\u00a0\u00a0\u00a0\u00a0\u00a0\u00a0\u00a0\u00a0\u00a0\u00a0\u00a0\u00a0\u00a0\u00a0\u00a0\u00a0\u00a0\u00a0\u00a0\u00a0\u00a0\u00a0\u00a0 <\/strong><\/p>\n<p style=\"text-align: right;\"><strong>Hajd\u00fas\u00e1mson V\u00e1ros \u00d6nkorm\u00e1nyzata<\/strong><\/p>\n<\/div><\/div>\n","protected":false},"excerpt":{"rendered":"","protected":false},"author":1,"featured_media":16105,"comment_status":"open","ping_status":"open","sticky":false,"template":"","format":"standard","meta":{"footnotes":""},"categories":[69,52,39,76,68,40],"tags":[],"class_list":["post-21464","post","type-post","status-publish","format-standard","has-post-thumbnail","hentry","category-hirdetmenyek-hirdetmenyek","category-hirdetmenyek","category-hirek","category-intezmenyeink-hirei","category-lakossagi-tajekoztato","category-ovoda"],"_links":{"self":[{"href":"https:\/\/hajdusamson.hu\/index.php?rest_route=\/wp\/v2\/posts\/21464","targetHints":{"allow":["GET"]}}],"collection":[{"href":"https:\/\/hajdusamson.hu\/index.php?rest_route=\/wp\/v2\/posts"}],"about":[{"href":"https:\/\/hajdusamson.hu\/index.php?rest_route=\/wp\/v2\/types\/post"}],"author":[{"embeddable":true,"href":"https:\/\/hajdusamson.hu\/index.php?rest_route=\/wp\/v2\/users\/1"}],"replies":[{"embeddable":true,"href":"https:\/\/hajdusamson.hu\/index.php?rest_route=%2Fwp%2Fv2%2Fcomments&post=21464"}],"version-history":[{"count":1,"href":"https:\/\/hajdusamson.hu\/index.php?rest_route=\/wp\/v2\/posts\/21464\/revisions"}],"predecessor-version":[{"id":21465,"href":"https:\/\/hajdusamson.hu\/index.php?rest_route=\/wp\/v2\/posts\/21464\/revisions\/21465"}],"wp:featuredmedia":[{"embeddable":true,"href":"https:\/\/hajdusamson.hu\/index.php?rest_route=\/wp\/v2\/media\/16105"}],"wp:attachment":[{"href":"https:\/\/hajdusamson.hu\/index.php?rest_route=%2Fwp%2Fv2%2Fmedia&parent=21464"}],"wp:term":[{"taxonomy":"category","embeddable":true,"href":"https:\/\/hajdusamson.hu\/index.php?rest_route=%2Fwp%2Fv2%2Fcategories&post=21464"},{"taxonomy":"post_tag","embeddable":true,"href":"https:\/\/hajdusamson.hu\/index.php?rest_route=%2Fwp%2Fv2%2Ftags&post=21464"}],"curies":[{"name":"wp","href":"https:\/\/api.w.org\/{rel}","templated":true}]}}