{"id":23559,"date":"2023-11-29T08:48:40","date_gmt":"2023-11-29T07:48:40","guid":{"rendered":"https:\/\/hajdusamson.hu\/?p=23559"},"modified":"2023-11-29T15:03:26","modified_gmt":"2023-11-29T14:03:26","slug":"tajekoztatas-kuttulajdonosoknak","status":"publish","type":"post","link":"https:\/\/hajdusamson.hu\/?p=23559","title":{"rendered":"T\u00e1j\u00e9koztat\u00e1s k\u00fattulajdonosoknak!"},"content":{"rendered":"<div class=\"fusion-fullwidth fullwidth-box\" style=\"background-color:#ffffff;background-attachment:scroll;background-position:left top;background-repeat:no-repeat;-webkit-background-size:cover;-moz-background-size:cover;-o-background-size:cover;background-size:cover;border-color:#eae9e9;border-bottom-width: 0px;border-top-width: 0px;border-bottom-style: solid;border-top-style: solid;padding-bottom:20px;padding-left:20px;padding-right:20px;padding-top:20px;\"><div class=\"avada-row\">\n<p style=\"text-align: center;\"><strong>Tisztelt K\u00fattulajdonos<\/strong><\/p>\n<p>&nbsp;<\/p>\n<p>2023. j\u00fanius h\u00f3 23-\u00e1n a Magyar K\u00f6zl\u00f6ny 2023. \u00e9vi 91. sz\u00e1m\u00e1ban kihirdet\u00e9sre ker\u00fclt a<\/p>\n<p>\u201eA v\u00edzgazd\u00e1lkod\u00e1sr\u00f3l\u201d sz\u00f3l\u00f3 1995. \u00e9vi LVII. t\u00f6rv\u00e9ny\u00a0m\u00f3dos\u00edt\u00e1sa (<a href=\"http:\/\/www.kozlonyok.hu\/nkonline\/MKPDF\/hiteles\/MK23091.pdf\">http:\/\/www.kozlonyok.hu\/nkonline\/MKPDF\/hiteles\/MK23091.pdf<\/a>)<\/p>\n<p>&nbsp;<\/p>\n<p>A\u00a0<a href=\"https:\/\/www.vizkutfurok.hu\/hirek?event=44\">Magyar V\u00edzk\u00fatf\u00far\u00f3k Egyes\u00fclet\u00e9nek honlapj\u00e1n<\/a>\u00a0olvashat\u00f3 az \u00f6sszefoglal\u00f3:<\/p>\n<p>\u201cEz a m\u00f3dos\u00edt\u00e1s alapvet\u0151en a\u00a0<strong>talajv\u00edzkutak<\/strong>\u00a0l\u00e9tes\u00edt\u00e9si \u00e9s ut\u00f3lagos fennmarad\u00e1si enged\u00e9lyez\u00e9s\u00e9re, illetve azok egy r\u00e9sz\u00e9nek j\u00f6v\u0151beni sz\u00fcks\u00e9gtelens\u00e9g\u00e9re terjed ki, illetve a 2024. 01. 01. el\u0151tt enged\u00e9ly n\u00e9lk\u00fcl l\u00e9tes\u00edtett kutak fennmarad\u00e1s\u00e1nak\u00a0<strong>v\u00edzgazd\u00e1lkod\u00e1si b\u00edrs\u00e1gmentess\u00e9g\u00e9t\u00a0<\/strong>fogalmazza meg. A b\u00edrs\u00e1gmentess\u00e9g a h\u00e1ztart\u00e1si c\u00e9l\u00fa talajv\u00edzkutakra \u00e9s az \u00f6nt\u00f6z\u00e9si, illetve \u00e1llattart\u00e1si c\u00e9l\u00fa mez\u0151gazdas\u00e1gi talajv\u00edzkutakra n\u00e9zve nincs felt\u00e9telhez k\u00f6tve, az egy\u00e9b kutakra vonatkoz\u00f3an azonban az enged\u00e9lyez\u00e9si elj\u00e1r\u00e1st 2023. 12. 31-ig k\u00e9relmezni kell.<\/p>\n<p>Jelenleg azonban eg\u00e9szen 2023. 12. 31-ig a kor\u00e1bbi enged\u00e9lyez\u00e9si elj\u00e1r\u00e1s van \u00e9letben, teh\u00e1t ma m\u00e9g minden k\u00fat l\u00e9tes\u00edt\u00e9se \u00e9s \u00fczemeltet\u00e9se enged\u00e9lyk\u00f6teles.\u201d<\/p>\n<p><strong>R\u00f6viden \u00f6sszefoglalva:<\/strong><\/p>\n<p style=\"padding-left: 40px;\"><strong>Fennmarad\u00e1si enged\u00e9lyez\u00e9s:<\/strong><\/p>\n<p style=\"padding-left: 80px;\">\u2013 nem kell fennmarad\u00e1si enged\u00e9lyt k\u00e9rni amennyiben a k\u00fat teljes\u00edti az al\u00e1bbi felt\u00e9teleket:<br \/>\n(f\u00fcggetlen\u00fcl att\u00f3l, hogy \u00e9rint kock\u00e1zatos ter\u00fcletet vagy sem)<\/p>\n<ul>\n<li style=\"list-style-type: none;\">\n<ul>\n<li style=\"list-style-type: none;\">\n<ul>\n<li>h\u00e1ztart\u00e1si vagy \u00f6nt\u00f6z\u00e9s, \u00e1llattart\u00e1s (mez\u0151gazdas\u00e1gi) c\u00e9l\u00fa,<\/li>\n<li>nem \u00e9rint karszt- vagy r\u00e9tegvizet (azaz talajvizes)<\/li>\n<li>01.01. el\u0151tt l\u00e9tes\u00fclt<\/li>\n<\/ul>\n<\/li>\n<\/ul>\n<\/li>\n<\/ul>\n<p style=\"padding-left: 80px;\">\u2013 ezen k\u00edv\u00fcl, b\u00e1rmilyen m\u00e1s egy\u00e9b c\u00e9lb\u00f3l haszn\u00e1lt kutakra tov\u00e1bbra is kell fennmarad\u00e1si enged\u00e9lyt k\u00e9rni.<\/p>\n<p><strong>\u00a0<\/strong><\/p>\n<p style=\"padding-left: 40px;\"><strong>L\u00e9tes\u00edt\u00e9si enged\u00e9lyez\u00e9s:<\/strong><br \/>\n\u2013 h\u00e1ztart\u00e1si \u00e9s \u00f6nt\u00f6z\u00e9s, \u00e1llattart\u00e1s c\u00e9lj\u00e1b\u00f3l l\u00e9tes\u00edtend\u0151 talajvizes kutakra nem kell l\u00e9tes\u00edt\u00e9si enged\u00e9lyt k\u00e9rni, sem bejelenteni, amennyiben az kock\u00e1zatmentes ter\u00fcletre esik. Kock\u00e1zatos ter\u00fcleten bejelent\u00e9sk\u00f6teles a k\u00fat l\u00e9tes\u00edt\u00e9se.<br \/>\n\u2013 minden m\u00e1s esetben enged\u00e9lyk\u00f6teles a k\u00fat l\u00e9tes\u00edt\u00e9se<\/p>\n<p>R\u00e9szletesebben a\u00a0<a href=\"https:\/\/www.vizkutfurok.hu\/files\/news\/44\/20230626145121_kutengedelyezes-attekintese-tablazat.pdf\" target=\"_blank\" rel=\"noopener\">Magyar V\u00edzk\u00fatf\u00far\u00f3k Egyes\u00fclet\u00e9nek honlapj\u00e1n k\u00f6zz\u00e9tett t\u00e1bl\u00e1zatb\u00f3l<\/a>\u00a0t\u00e1j\u00e9koz\u00f3dhat:<\/p>\n<p>&nbsp;<\/p>\n<p>Mell\u00e9klet: T\u00e1bl\u00e1zat<\/p>\n<p>Hajd\u00fas\u00e1mson, 2023. november 22.<\/p>\n<p>&nbsp;<\/p>\n<p style=\"text-align: right;\">Hajd\u00fas\u00e1mson V\u00e1ros \u00d6nkorm\u00e1nyzata<\/p>\n<p>&nbsp;<\/p>\n<p>&nbsp;<\/p>\n<p>&nbsp;<\/p>\n<p>&nbsp;<\/p>\n<\/div><\/div><a href=\"https:\/\/hajdusamson.hu\/wp-content\/uploads\/2023\/11\/20230626145121_kutengedelyezes-attekintese-tablazat.jpg\"><img loading=\"lazy\" decoding=\"async\" class=\"aligncenter size-large wp-image-23560\" src=\"https:\/\/hajdusamson.hu\/wp-content\/uploads\/2023\/11\/20230626145121_kutengedelyezes-attekintese-tablazat-1024x641.jpg\" alt=\"\" width=\"669\" height=\"419\" srcset=\"https:\/\/hajdusamson.hu\/wp-content\/uploads\/2023\/11\/20230626145121_kutengedelyezes-attekintese-tablazat-1024x641.jpg 1024w, https:\/\/hajdusamson.hu\/wp-content\/uploads\/2023\/11\/20230626145121_kutengedelyezes-attekintese-tablazat-300x188.jpg 300w, https:\/\/hajdusamson.hu\/wp-content\/uploads\/2023\/11\/20230626145121_kutengedelyezes-attekintese-tablazat-768x481.jpg 768w, https:\/\/hajdusamson.hu\/wp-content\/uploads\/2023\/11\/20230626145121_kutengedelyezes-attekintese-tablazat-1536x961.jpg 1536w, https:\/\/hajdusamson.hu\/wp-content\/uploads\/2023\/11\/20230626145121_kutengedelyezes-attekintese-tablazat.jpg 1598w\" sizes=\"auto, (max-width: 669px) 100vw, 669px\" \/><\/a><\/p>\n","protected":false},"excerpt":{"rendered":"","protected":false},"author":1,"featured_media":17942,"comment_status":"open","ping_status":"open","sticky":false,"template":"","format":"standard","meta":{"footnotes":""},"categories":[52,39,68],"tags":[],"class_list":["post-23559","post","type-post","status-publish","format-standard","has-post-thumbnail","hentry","category-hirdetmenyek","category-hirek","category-lakossagi-tajekoztato"],"_links":{"self":[{"href":"https:\/\/hajdusamson.hu\/index.php?rest_route=\/wp\/v2\/posts\/23559","targetHints":{"allow":["GET"]}}],"collection":[{"href":"https:\/\/hajdusamson.hu\/index.php?rest_route=\/wp\/v2\/posts"}],"about":[{"href":"https:\/\/hajdusamson.hu\/index.php?rest_route=\/wp\/v2\/types\/post"}],"author":[{"embeddable":true,"href":"https:\/\/hajdusamson.hu\/index.php?rest_route=\/wp\/v2\/users\/1"}],"replies":[{"embeddable":true,"href":"https:\/\/hajdusamson.hu\/index.php?rest_route=%2Fwp%2Fv2%2Fcomments&post=23559"}],"version-history":[{"count":4,"href":"https:\/\/hajdusamson.hu\/index.php?rest_route=\/wp\/v2\/posts\/23559\/revisions"}],"predecessor-version":[{"id":23564,"href":"https:\/\/hajdusamson.hu\/index.php?rest_route=\/wp\/v2\/posts\/23559\/revisions\/23564"}],"wp:featuredmedia":[{"embeddable":true,"href":"https:\/\/hajdusamson.hu\/index.php?rest_route=\/wp\/v2\/media\/17942"}],"wp:attachment":[{"href":"https:\/\/hajdusamson.hu\/index.php?rest_route=%2Fwp%2Fv2%2Fmedia&parent=23559"}],"wp:term":[{"taxonomy":"category","embeddable":true,"href":"https:\/\/hajdusamson.hu\/index.php?rest_route=%2Fwp%2Fv2%2Fcategories&post=23559"},{"taxonomy":"post_tag","embeddable":true,"href":"https:\/\/hajdusamson.hu\/index.php?rest_route=%2Fwp%2Fv2%2Ftags&post=23559"}],"curies":[{"name":"wp","href":"https:\/\/api.w.org\/{rel}","templated":true}]}}