{"id":24840,"date":"2025-08-21T13:24:53","date_gmt":"2025-08-21T12:24:53","guid":{"rendered":"https:\/\/hajdusamson.hu\/?p=24840"},"modified":"2025-08-21T13:24:53","modified_gmt":"2025-08-21T12:24:53","slug":"buszmegallo-athelyezes-konyvtar-iskola","status":"publish","type":"post","link":"https:\/\/hajdusamson.hu\/?p=24840","title":{"rendered":"BUSZMEG\u00c1LL\u00d3 \u00e1thelyez\u00e9s &#8211; k\u00f6nyvt\u00e1r -> iskola"},"content":{"rendered":"<p><a href=\"https:\/\/hajdusamson.hu\/wp-content\/uploads\/2025\/08\/Nevtelen-1.jpg\"><img loading=\"lazy\" decoding=\"async\" class=\"aligncenter size-full wp-image-24841\" src=\"https:\/\/hajdusamson.hu\/wp-content\/uploads\/2025\/08\/Nevtelen-1.jpg\" alt=\"\" width=\"731\" height=\"380\" srcset=\"https:\/\/hajdusamson.hu\/wp-content\/uploads\/2025\/08\/Nevtelen-1.jpg 731w, https:\/\/hajdusamson.hu\/wp-content\/uploads\/2025\/08\/Nevtelen-1-300x156.jpg 300w\" sizes=\"auto, (max-width: 731px) 100vw, 731px\" \/><\/a><\/p>\n<div class=\"fusion-fullwidth fullwidth-box\" style=\"background-color:#ffffff;background-attachment:scroll;background-position:left top;background-repeat:no-repeat;-webkit-background-size:cover;-moz-background-size:cover;-o-background-size:cover;background-size:cover;border-color:#eae9e9;border-bottom-width: 0px;border-top-width: 0px;border-bottom-style: solid;border-top-style: solid;padding-bottom:20px;padding-left:20px;padding-right:20px;padding-top:20px;\"><div class=\"avada-row\">\n<p>Tisztelt Utaz\u00f3k!<\/p>\n<p style=\"text-align: justify;\">T\u00e1j\u00e9koztatjuk, hogy az Hajd\u00fas\u00e1mson belter\u00fclet\u00e9n a \u201eHajd\u00fas\u00e1mson, V\u00e1rosh\u00e1za\u201d elnevez\u00e9s\u0171 aut\u00f3busz-meg\u00e1ll\u00f3hely (Debrecen ir\u00e1ny\u00e1ba a k\u00f6nyvt\u00e1r el\u0151tt) burkolatjav\u00edt\u00e1si munk\u00e1latok miatt ideiglenesen \u00e1thelyez\u00e9sre ker\u00fcl az \u00e1ltal\u00e1nos iskola el\u00e9 2025. augusztus 23-ig.<\/p>\n<p style=\"text-align: right;\">Magyar K\u00f6z\u00fat Nonprofit Zrt.<\/p>\n<p>&nbsp;<\/p>\n<\/div><\/div>\n","protected":false},"excerpt":{"rendered":"","protected":false},"author":1,"featured_media":24841,"comment_status":"open","ping_status":"open","sticky":false,"template":"","format":"standard","meta":{"footnotes":""},"categories":[52,39,66,68],"tags":[],"class_list":["post-24840","post","type-post","status-publish","format-standard","has-post-thumbnail","hentry","category-hirdetmenyek","category-hirek","category-kozlekedesi-hirek","category-lakossagi-tajekoztato"],"_links":{"self":[{"href":"https:\/\/hajdusamson.hu\/index.php?rest_route=\/wp\/v2\/posts\/24840","targetHints":{"allow":["GET"]}}],"collection":[{"href":"https:\/\/hajdusamson.hu\/index.php?rest_route=\/wp\/v2\/posts"}],"about":[{"href":"https:\/\/hajdusamson.hu\/index.php?rest_route=\/wp\/v2\/types\/post"}],"author":[{"embeddable":true,"href":"https:\/\/hajdusamson.hu\/index.php?rest_route=\/wp\/v2\/users\/1"}],"replies":[{"embeddable":true,"href":"https:\/\/hajdusamson.hu\/index.php?rest_route=%2Fwp%2Fv2%2Fcomments&post=24840"}],"version-history":[{"count":1,"href":"https:\/\/hajdusamson.hu\/index.php?rest_route=\/wp\/v2\/posts\/24840\/revisions"}],"predecessor-version":[{"id":24842,"href":"https:\/\/hajdusamson.hu\/index.php?rest_route=\/wp\/v2\/posts\/24840\/revisions\/24842"}],"wp:featuredmedia":[{"embeddable":true,"href":"https:\/\/hajdusamson.hu\/index.php?rest_route=\/wp\/v2\/media\/24841"}],"wp:attachment":[{"href":"https:\/\/hajdusamson.hu\/index.php?rest_route=%2Fwp%2Fv2%2Fmedia&parent=24840"}],"wp:term":[{"taxonomy":"category","embeddable":true,"href":"https:\/\/hajdusamson.hu\/index.php?rest_route=%2Fwp%2Fv2%2Fcategories&post=24840"},{"taxonomy":"post_tag","embeddable":true,"href":"https:\/\/hajdusamson.hu\/index.php?rest_route=%2Fwp%2Fv2%2Ftags&post=24840"}],"curies":[{"name":"wp","href":"https:\/\/api.w.org\/{rel}","templated":true}]}}