{"id":24859,"date":"2025-09-01T12:37:05","date_gmt":"2025-09-01T11:37:05","guid":{"rendered":"https:\/\/hajdusamson.hu\/?p=24859"},"modified":"2025-09-01T12:37:05","modified_gmt":"2025-09-01T11:37:05","slug":"tajekoztato-zartkerti-ingatlanok-muveles-aloli-kivonasa","status":"publish","type":"post","link":"https:\/\/hajdusamson.hu\/?p=24859","title":{"rendered":"T\u00c1J\u00c9KOZTAT\u00d3 &#8211; Z\u00e1rtkerti ingatlanok m\u0171vel\u00e9s al\u00f3li kivon\u00e1sa"},"content":{"rendered":"<p><a href=\"https:\/\/hajdusamson.hu\/wp-content\/uploads\/2017\/08\/tajekoztat\u00e1s.jpg\"><img loading=\"lazy\" decoding=\"async\" class=\"nodisp aligncenter wp-image-17942 size-full\" src=\"https:\/\/hajdusamson.hu\/wp-content\/uploads\/2017\/08\/tajekoztat\u00e1s.jpg\" alt=\"\" width=\"781\" height=\"380\" srcset=\"https:\/\/hajdusamson.hu\/wp-content\/uploads\/2017\/08\/tajekoztat\u00e1s.jpg 781w, https:\/\/hajdusamson.hu\/wp-content\/uploads\/2017\/08\/tajekoztat\u00e1s-300x146.jpg 300w, https:\/\/hajdusamson.hu\/wp-content\/uploads\/2017\/08\/tajekoztat\u00e1s-768x374.jpg 768w, https:\/\/hajdusamson.hu\/wp-content\/uploads\/2017\/08\/tajekoztat\u00e1s-320x156.jpg 320w, https:\/\/hajdusamson.hu\/wp-content\/uploads\/2017\/08\/tajekoztat\u00e1s-460x224.jpg 460w, https:\/\/hajdusamson.hu\/wp-content\/uploads\/2017\/08\/tajekoztat\u00e1s-700x340.jpg 700w\" sizes=\"auto, (max-width: 781px) 100vw, 781px\" \/><\/a><\/p>\n<div class=\"fusion-fullwidth fullwidth-box\" style=\"background-color:#ffffff;background-attachment:scroll;background-position:left top;background-repeat:no-repeat;-webkit-background-size:cover;-moz-background-size:cover;-o-background-size:cover;background-size:cover;border-color:#eae9e9;border-bottom-width: 0px;border-top-width: 0px;border-bottom-style: solid;border-top-style: solid;padding-bottom:20px;padding-left:20px;padding-right:20px;padding-top:20px;\"><div class=\"avada-row\">\n<p><strong>Tisztelt hajd\u00fas\u00e1msoni Lakosaink!<\/strong><\/p>\n<p><strong>\u00a0<\/strong><\/p>\n<p>Visszat\u00e9r\u0151 k\u00e9rd\u00e9s az \u00dcgyfelek r\u00e9sz\u00e9r\u0151l, hogy az \u00f6nkorm\u00e1nyzat t\u00e1mogatja-e a z\u00e1rtkerti ingatlanok m\u0171vel\u00e9s al\u00f3li kivon\u00e1s\u00e1t.<\/p>\n<p style=\"text-align: justify;\">Az ingatlannyilv\u00e1ntart\u00e1sr\u00f3l sz\u00f3l\u00f3 2021. \u00e9vi C. t\u00f6rv\u00e9ny 2025. j\u00fanius 26-t\u00f3l hat\u00e1lyos m\u00f3dos\u00edt\u00e1sa a k\u00f6vetkez\u0151 szab\u00e1lyoz\u00e1st tartalmazza:<\/p>\n<p style=\"text-align: justify;\"><em>72\/E. \u00a7\u00a0(1)\u00a0<\/em><strong><em>Ha az \u00f6nkorm\u00e1nyzat rendeletben lehet\u0151v\u00e9 teszi<\/em><\/strong><em>, a tulajdonos \u2013 e t\u00f6rv\u00e9ny \u00e9s az e t\u00f6rv\u00e9ny v\u00e9grehajt\u00e1s\u00e1ra kiadott jogszab\u00e1lyban meghat\u00e1rozottak szerint \u2013 k\u00e9rheti az ingatlan-nyilv\u00e1ntart\u00e1sban z\u00e1rtkertk\u00e9nt nyilv\u00e1ntartott ingatlana (a tov\u00e1bbiakban: z\u00e1rtkerti ingatlan) m\u0171vel\u00e9si \u00e1g\u00e1nak m\u0171vel\u00e9s al\u00f3l kivett ter\u00fcletk\u00e9nt t\u00f6rt\u00e9n\u0151 bejegyz\u00e9s\u00e9t.<\/em><\/p>\n<p style=\"text-align: justify;\"><em>(2) A z\u00e1rtkerti ingatlan m\u0171vel\u00e9si \u00e1g\u00e1nak m\u0171vel\u00e9s al\u00f3l kivett ter\u00fcletk\u00e9nt t\u00f6rt\u00e9n\u0151 bejegyz\u00e9se a z\u00e1rtkerti ingatlan meghat\u00e1rozott r\u00e9sz\u00e9re is k\u00e9rhet\u0151. Ez esetben a z\u00e1rtkerti ingatlant meg kell osztani.<\/em><\/p>\n<p style=\"text-align: justify;\">E t\u00f6rv\u00e9ny v\u00e9grehajt\u00e1s\u00e1ra kiadott jogszab\u00e1ly egyel\u0151re nem jelent meg. Amennyiben a megfelel\u0151 jogszab\u00e1lyi h\u00e1tt\u00e9r rendelkez\u00e9sre \u00e1ll, \u00e9s a k\u00e9pvisel\u0151-test\u00fclet a k\u00e9s\u0151bbiekben \u00fagy d\u00f6nt, hogy megalkotja a sz\u00fcks\u00e9ges \u00f6nkorm\u00e1nyzati rendeletet, annak r\u00e9szletes tartalm\u00e1r\u00f3l, valamint az elj\u00e1r\u00e1s m\u00f3dj\u00e1r\u00f3l \u2013 ide\u00e9rtve a k\u00e9relem beny\u00fajt\u00e1s\u00e1nak felt\u00e9teleit \u00e9s menet\u00e9t \u2013 k\u00fcl\u00f6n t\u00e1j\u00e9koztat\u00e1st tesz\u00fcnk k\u00f6z\u00e9 v\u00e1rosunk honlapj\u00e1n.<\/p>\n<p style=\"text-align: justify;\">Felh\u00edvom a figyelmet, hogy a z\u00e1rtkerti ingatlan m\u0171vel\u00e9s al\u00f3li kivon\u00e1sa nem jelenti azt, hogy az ingatlan automatikusan be\u00e9p\u00edthet\u0151 lesz. Az ingatlanok be\u00e9p\u00edthet\u0151s\u00e9g\u00e9re tov\u00e1bbra is Hajd\u00fas\u00e1mson V\u00e1ros Helyi \u00c9p\u00edt\u00e9si Szab\u00e1lyzat\u00e1r\u00f3l \u00e9s Szab\u00e1lyoz\u00e1si Terv\u00e9r\u0151l sz\u00f3l\u00f3 24\/2023. (XI. 23.) \u00f6nkorm\u00e1nyzati rendelet\u00e9nek szab\u00e1lyai alkalmazand\u00f3ak.<\/p>\n<p style=\"text-align: justify;\">K\u00e9rj\u00fck, hogy a tov\u00e1bbi fejlem\u00e9nyek figyelemmel k\u00eds\u00e9r\u00e9se \u00e9rdek\u00e9ben rendszeresen l\u00e1togass\u00e1k a <a href=\"http:\/\/www.hajdusamson.hu\">www.hajdusamson.hu<\/a> weboldalt, ahol minden aktu\u00e1lis inform\u00e1ci\u00f3t megtal\u00e1lhatnak.<\/p>\n<p>&nbsp;<\/p>\n<p><strong>Hajd\u00fas\u00e1mson, 2025. augusztus 25. <\/strong><\/p>\n<p style=\"text-align: right;\"><strong>Dr. Danku J\u00f3zsef, jegyz\u0151<\/strong><\/p>\n<p>&nbsp;<\/p>\n<\/div><\/div>\n","protected":false},"excerpt":{"rendered":"","protected":false},"author":1,"featured_media":17942,"comment_status":"open","ping_status":"open","sticky":false,"template":"","format":"standard","meta":{"footnotes":""},"categories":[52,39,68],"tags":[],"class_list":["post-24859","post","type-post","status-publish","format-standard","has-post-thumbnail","hentry","category-hirdetmenyek","category-hirek","category-lakossagi-tajekoztato"],"_links":{"self":[{"href":"https:\/\/hajdusamson.hu\/index.php?rest_route=\/wp\/v2\/posts\/24859","targetHints":{"allow":["GET"]}}],"collection":[{"href":"https:\/\/hajdusamson.hu\/index.php?rest_route=\/wp\/v2\/posts"}],"about":[{"href":"https:\/\/hajdusamson.hu\/index.php?rest_route=\/wp\/v2\/types\/post"}],"author":[{"embeddable":true,"href":"https:\/\/hajdusamson.hu\/index.php?rest_route=\/wp\/v2\/users\/1"}],"replies":[{"embeddable":true,"href":"https:\/\/hajdusamson.hu\/index.php?rest_route=%2Fwp%2Fv2%2Fcomments&post=24859"}],"version-history":[{"count":1,"href":"https:\/\/hajdusamson.hu\/index.php?rest_route=\/wp\/v2\/posts\/24859\/revisions"}],"predecessor-version":[{"id":24860,"href":"https:\/\/hajdusamson.hu\/index.php?rest_route=\/wp\/v2\/posts\/24859\/revisions\/24860"}],"wp:featuredmedia":[{"embeddable":true,"href":"https:\/\/hajdusamson.hu\/index.php?rest_route=\/wp\/v2\/media\/17942"}],"wp:attachment":[{"href":"https:\/\/hajdusamson.hu\/index.php?rest_route=%2Fwp%2Fv2%2Fmedia&parent=24859"}],"wp:term":[{"taxonomy":"category","embeddable":true,"href":"https:\/\/hajdusamson.hu\/index.php?rest_route=%2Fwp%2Fv2%2Fcategories&post=24859"},{"taxonomy":"post_tag","embeddable":true,"href":"https:\/\/hajdusamson.hu\/index.php?rest_route=%2Fwp%2Fv2%2Ftags&post=24859"}],"curies":[{"name":"wp","href":"https:\/\/api.w.org\/{rel}","templated":true}]}}