{"id":24970,"date":"2025-10-30T17:31:35","date_gmt":"2025-10-30T16:31:35","guid":{"rendered":"https:\/\/hajdusamson.hu\/?p=24970"},"modified":"2025-10-30T17:31:35","modified_gmt":"2025-10-30T16:31:35","slug":"utepites-hulladekszallitas-44-het","status":"publish","type":"post","link":"https:\/\/hajdusamson.hu\/?p=24970","title":{"rendered":"\u00dat\u00e9p\u00edt\u00e9s \u2013 hullad\u00e9ksz\u00e1ll\u00edt\u00e1s \u2013 44. h\u00e9t"},"content":{"rendered":"<p><a href=\"https:\/\/hajdusamson.hu\/wp-content\/uploads\/2025\/04\/hulladek-1.gif\"><img loading=\"lazy\" decoding=\"async\" class=\"nodisp aligncenter wp-image-24617 size-full\" src=\"https:\/\/hajdusamson.hu\/wp-content\/uploads\/2025\/04\/hulladek-1.gif\" alt=\"\" width=\"731\" height=\"380\" \/><\/a><\/p>\n<div class=\"fusion-fullwidth fullwidth-box\" style=\"background-color:#ffffff;background-attachment:scroll;background-position:left top;background-repeat:no-repeat;-webkit-background-size:cover;-moz-background-size:cover;-o-background-size:cover;background-size:cover;border-color:#eae9e9;border-bottom-width: 0px;border-top-width: 0px;border-bottom-style: solid;border-top-style: solid;padding-bottom:20px;padding-left:20px;padding-right:20px;padding-top:20px;\"><div class=\"avada-row\">\n<p><strong>Lakoss\u00e1gi t\u00e1j\u00e9koztat\u00f3!<\/strong><\/p>\n<p style=\"text-align: justify;\">A R\u00f3zsa utca \u00fat\u00e9p\u00edt\u00e9s\u00e9vel \u00f6sszef\u00fcgg\u00e9sben t\u00e1j\u00e9koztatjuk a Tisztelt Lakoss\u00e1got, hogy a kivitelez\u00e9ssel \u00e9rintett, valamint az azokr\u00f3l megk\u00f6zel\u00edthet\u0151 utc\u00e1kba az \u00fat\u00e9p\u00edt\u00e9si munk\u00e1latok \u00e1ll\u00e1s\u00e1t\u00f3l f\u00fcgg\u0151en, a <strong>Hajd\u00fas\u00e1gi Hullad\u00e9kgazd\u00e1lkod\u00e1si Nonprofit Kft.<\/strong> (Szolg\u00e1ltat\u00f3) t\u00e1j\u00e9koztat\u00e1sa alapj\u00e1n, a hullad\u00e9ksz\u00e1ll\u00edt\u00f3 j\u00e1rm\u0171vek nem tudnak minden esetben behajtani.<\/p>\n<p style=\"text-align: justify;\">A kommun\u00e1lis, szelekt\u00edv, valamint bio hullad\u00e9ksz\u00e1ll\u00edt\u00e1s zavartalan m\u0171k\u00f6d\u00e9se \u00e9rdek\u00e9ben a <strong>Szolg\u00e1ltat\u00f3<\/strong> k\u00e9ri az \u00e9rintett Lakoss\u00e1got, hogy kuk\u00e1ikat, ed\u00e9nyzeteiket, sz\u00fcks\u00e9g eset\u00e9n a kiosztott zs\u00e1kokat a hullad\u00e9ksz\u00e1ll\u00edt\u00f3 j\u00e1rm\u0171 sz\u00e1m\u00e1ra el\u00e9rhet\u0151 helyre helyezz\u00e9k ki (pl.: Gy\u00f6nyvir\u00e1g utca, Garai utca keresztez\u0151d\u00e9s\u00e9be).<\/p>\n<p style=\"text-align: center;\"><span style=\"color: #ff0000;\"><strong>2025. okt\u00f3ber 31. \u00e9s 2025. november 3. napj\u00e1n szem\u00e9tsz\u00e1ll\u00edt\u00e1s szempontj\u00e1b\u00f3l akad\u00e1lyoztatott utca a R\u00f3zsa utca<\/strong><\/span><\/p>\n<p style=\"text-align: justify;\">Amennyiben a hullad\u00e9ksz\u00e1ll\u00edt\u00e1ssal, valamint az el nem sz\u00e1ll\u00edtott hullad\u00e9kkal kapcsolatban \u00e9szrev\u00e9tel\u00fck, k\u00e9rd\u00e9s\u00fck van, k\u00e9rj\u00fck forduljanak a <strong>Hajd\u00fas\u00e1gi Hullad\u00e9kgazd\u00e1lkod\u00e1si Nonprofit Kft.<\/strong> (Szolg\u00e1ltat\u00f3) \u00fcgyf\u00e9lszolg\u00e1lat\u00e1hoz a <strong>+36 1 776 7777<\/strong> sz\u00e1mon, vagy az <a href=\"mailto:ugyfelszolgalat@hhgkft.hu\">ugyfelszolgalat@hhgkft.hu<\/a> e-mail c\u00edmen.<\/p>\n<p>&nbsp;<\/p>\n<p><strong>2025. okt\u00f3ber 30.<\/strong><\/p>\n<\/div><\/div>\n","protected":false},"excerpt":{"rendered":"","protected":false},"author":1,"featured_media":24617,"comment_status":"open","ping_status":"open","sticky":false,"template":"","format":"standard","meta":{"footnotes":""},"categories":[52,39,68],"tags":[],"class_list":["post-24970","post","type-post","status-publish","format-standard","has-post-thumbnail","hentry","category-hirdetmenyek","category-hirek","category-lakossagi-tajekoztato"],"_links":{"self":[{"href":"https:\/\/hajdusamson.hu\/index.php?rest_route=\/wp\/v2\/posts\/24970","targetHints":{"allow":["GET"]}}],"collection":[{"href":"https:\/\/hajdusamson.hu\/index.php?rest_route=\/wp\/v2\/posts"}],"about":[{"href":"https:\/\/hajdusamson.hu\/index.php?rest_route=\/wp\/v2\/types\/post"}],"author":[{"embeddable":true,"href":"https:\/\/hajdusamson.hu\/index.php?rest_route=\/wp\/v2\/users\/1"}],"replies":[{"embeddable":true,"href":"https:\/\/hajdusamson.hu\/index.php?rest_route=%2Fwp%2Fv2%2Fcomments&post=24970"}],"version-history":[{"count":1,"href":"https:\/\/hajdusamson.hu\/index.php?rest_route=\/wp\/v2\/posts\/24970\/revisions"}],"predecessor-version":[{"id":24971,"href":"https:\/\/hajdusamson.hu\/index.php?rest_route=\/wp\/v2\/posts\/24970\/revisions\/24971"}],"wp:featuredmedia":[{"embeddable":true,"href":"https:\/\/hajdusamson.hu\/index.php?rest_route=\/wp\/v2\/media\/24617"}],"wp:attachment":[{"href":"https:\/\/hajdusamson.hu\/index.php?rest_route=%2Fwp%2Fv2%2Fmedia&parent=24970"}],"wp:term":[{"taxonomy":"category","embeddable":true,"href":"https:\/\/hajdusamson.hu\/index.php?rest_route=%2Fwp%2Fv2%2Fcategories&post=24970"},{"taxonomy":"post_tag","embeddable":true,"href":"https:\/\/hajdusamson.hu\/index.php?rest_route=%2Fwp%2Fv2%2Ftags&post=24970"}],"curies":[{"name":"wp","href":"https:\/\/api.w.org\/{rel}","templated":true}]}}